{"id":935,"date":"2023-07-15T14:11:00","date_gmt":"2023-07-15T12:11:00","guid":{"rendered":"https:\/\/www.douriez.fr\/?page_id=935"},"modified":"2024-09-27T14:12:36","modified_gmt":"2024-09-27T12:12:36","slug":"repas-du-14-juillet-2023","status":"publish","type":"post","link":"https:\/\/www.douriez.fr\/index.php\/2023\/07\/15\/repas-du-14-juillet-2023\/","title":{"rendered":"Repas du 14 juillet 2023"},"content":{"rendered":"\n[et_pb_section][et_pb_row][et_pb_column type=\u00a0\u00bb4_4&Prime;][et_pb_text]<!-- divi:paragraph -->\n<p>Monsieur le Maire et le Conseil Municipal remercient l&rsquo;ensemble des participants au repas du 14 juillet 2023 qui s&rsquo;est d\u00e9roul\u00e9 sous le signe de la bonne humeur. La mutualisation de la Municipalit\u00e9 et du Comit\u00e9 des f\u00eates a permis d&rsquo;assurer l&rsquo;organisation et l&rsquo;animation de cette journ\u00e9e.<\/p>\n<!-- \/divi:paragraph -->\n\n<!-- divi:gallery {\"linkTo\":\"none\"} -->\n<figure class=\"wp-block-gallery has-nested-images columns-default is-cropped\"><!-- divi:image {\"id\":937,\"sizeSlug\":\"large\",\"linkDestination\":\"none\"} -->\n<figure class=\"wp-block-image size-large\"><img loading=\"lazy\" decoding=\"async\" width=\"1024\" height=\"576\" src=\"https:\/\/www.douriez.fr\/wp-content\/uploads\/2023\/07\/350109599_692961262871021_7461937151829571826_n-1-1024x576.jpg\" alt=\"\" class=\"wp-image-937\" srcset=\"https:\/\/www.douriez.fr\/wp-content\/uploads\/2023\/07\/350109599_692961262871021_7461937151829571826_n-1-980x551.jpg 980w, https:\/\/www.douriez.fr\/wp-content\/uploads\/2023\/07\/350109599_692961262871021_7461937151829571826_n-1-480x270.jpg 480w\" sizes=\"(min-width: 0px) and (max-width: 480px) 480px, (min-width: 481px) and (max-width: 980px) 980px, (min-width: 981px) 1024px, 100vw\" \/><\/figure>\n<!-- \/divi:image --><\/figure>\n<!-- \/divi:gallery -->[\/et_pb_text][\/et_pb_column][\/et_pb_row][\/et_pb_section]\n","protected":false},"excerpt":{"rendered":"<p><div class=\"et_pb_section et_pb_section_0 et_section_regular\" >\n\t\t\t\t\n\t\t\t\t\n\t\t\t\t\n\t\t\t\t\n\t\t\t\t\n\t\t\t\t\n\t\t\t\t\n\t\t\t\t\n\t\t\t\t\n\t\t\t<\/div><div class=\"et_pb_row et_pb_row_0 et_pb_row_empty\">\n\t\t\t\t\n\t\t\t\t\n\t\t\t\t\n\t\t\t\t\n\t\t\t\t\n\t\t\t<\/div><div class=\"et_pb_module et_pb_text et_pb_text_0  et_pb_text_align_left et_pb_bg_layout_light\">\n\t\t\t\t\n\t\t\t\t\n\t\t\t\t\n\t\t\t\t\n\t\t\t\t\n\t\t\t<\/div> Monsieur le Maire et le Conseil Municipal remercient l&rsquo;ensemble des participants au repas du 14 juillet 2023 qui s&rsquo;est d\u00e9roul\u00e9 sous le signe de la bonne humeur. La mutualisation de la Municipalit\u00e9 et du Comit\u00e9 des f\u00eates a permis d&rsquo;assurer l&rsquo;organisation et l&rsquo;animation de cette journ\u00e9e.<\/p>\n","protected":false},"author":2,"featured_media":0,"comment_status":"closed","ping_status":"closed","sticky":false,"template":"","format":"standard","meta":{"_et_pb_use_builder":"on","_et_pb_old_content":"<!-- wp:paragraph -->\n<p>Monsieur le Maire et le Conseil Municipal remercient l'ensemble des participants au repas du 14 juillet 2023 qui s'est d\u00e9roul\u00e9 sous le signe de la bonne humeur. La mutualisation de la Municipalit\u00e9 et du Comit\u00e9 des f\u00eates a permis d'assurer l'organisation et l'animation de cette journ\u00e9e.<\/p>\n<!-- \/wp:paragraph -->\n\n<!-- wp:gallery {\"linkTo\":\"none\"} -->\n<figure class=\"wp-block-gallery has-nested-images columns-default is-cropped\"><!-- wp:image {\"id\":937,\"sizeSlug\":\"large\",\"linkDestination\":\"none\"} -->\n<figure class=\"wp-block-image size-large\"><img src=\"https:\/\/www.douriez.fr\/wp-content\/uploads\/2023\/07\/350109599_692961262871021_7461937151829571826_n-1-1024x576.jpg\" alt=\"\" class=\"wp-image-937\"\/><\/figure>\n<!-- \/wp:image --><\/figure>\n<!-- \/wp:gallery -->","_et_gb_content_width":"","footnotes":""},"categories":[25],"tags":[],"post_folder":[],"class_list":["post-935","post","type-post","status-publish","format-standard","hentry","category-manifestations"],"_links":{"self":[{"href":"https:\/\/www.douriez.fr\/index.php\/wp-json\/wp\/v2\/posts\/935","targetHints":{"allow":["GET"]}}],"collection":[{"href":"https:\/\/www.douriez.fr\/index.php\/wp-json\/wp\/v2\/posts"}],"about":[{"href":"https:\/\/www.douriez.fr\/index.php\/wp-json\/wp\/v2\/types\/post"}],"author":[{"embeddable":true,"href":"https:\/\/www.douriez.fr\/index.php\/wp-json\/wp\/v2\/users\/2"}],"replies":[{"embeddable":true,"href":"https:\/\/www.douriez.fr\/index.php\/wp-json\/wp\/v2\/comments?post=935"}],"version-history":[{"count":1,"href":"https:\/\/www.douriez.fr\/index.php\/wp-json\/wp\/v2\/posts\/935\/revisions"}],"predecessor-version":[{"id":949,"href":"https:\/\/www.douriez.fr\/index.php\/wp-json\/wp\/v2\/posts\/935\/revisions\/949"}],"wp:attachment":[{"href":"https:\/\/www.douriez.fr\/index.php\/wp-json\/wp\/v2\/media?parent=935"}],"wp:term":[{"taxonomy":"category","embeddable":true,"href":"https:\/\/www.douriez.fr\/index.php\/wp-json\/wp\/v2\/categories?post=935"},{"taxonomy":"post_tag","embeddable":true,"href":"https:\/\/www.douriez.fr\/index.php\/wp-json\/wp\/v2\/tags?post=935"},{"taxonomy":"post_folder","embeddable":true,"href":"https:\/\/www.douriez.fr\/index.php\/wp-json\/wp\/v2\/post_folder?post=935"}],"curies":[{"name":"wp","href":"https:\/\/api.w.org\/{rel}","templated":true}]}}