{"id":742,"date":"2023-07-18T11:33:03","date_gmt":"2023-07-18T09:33:03","guid":{"rendered":"https:\/\/www.douriez.fr\/?page_id=742"},"modified":"2024-09-27T14:09:10","modified_gmt":"2024-09-27T12:09:10","slug":"bal-musette-du-20-mai-2023","status":"publish","type":"post","link":"https:\/\/www.douriez.fr\/index.php\/2023\/07\/18\/bal-musette-du-20-mai-2023\/","title":{"rendered":"Bal musette du 20 mai 2023"},"content":{"rendered":"\n[et_pb_section fb_built=\u00a0\u00bb1&Prime; theme_builder_area=\u00a0\u00bbpost_content\u00a0\u00bb _builder_version=\u00a0\u00bb4.21.0&Prime; _module_preset=\u00a0\u00bbdefault\u00a0\u00bb][et_pb_row _builder_version=\u00a0\u00bb4.21.0&Prime; _module_preset=\u00a0\u00bbdefault\u00a0\u00bb column_structure=\u00a0\u00bb1_2,1_2&Prime; theme_builder_area=\u00a0\u00bbpost_content\u00a0\u00bb][et_pb_column _builder_version=\u00a0\u00bb4.21.0&Prime; _module_preset=\u00a0\u00bbdefault\u00a0\u00bb type=\u00a0\u00bb1_2&Prime; theme_builder_area=\u00a0\u00bbpost_content\u00a0\u00bb][et_pb_image src=\u00a0\u00bbhttps:\/\/www.douriez.fr\/wp-content\/uploads\/2023\/07\/350638200_1119873165635470_2985321878222993017_n.jpg\u00a0\u00bb _builder_version=\u00a0\u00bb4.21.0&Prime; _module_preset=\u00a0\u00bbdefault\u00a0\u00bb theme_builder_area=\u00a0\u00bbpost_content\u00a0\u00bb title_text=\u00a0\u00bb350638200_1119873165635470_2985321878222993017_n\u00a0\u00bb hover_enabled=\u00a0\u00bb0&Prime; sticky_enabled=\u00a0\u00bb0&Prime;][\/et_pb_image][\/et_pb_column][et_pb_column _builder_version=\u00a0\u00bb4.21.0&Prime; _module_preset=\u00a0\u00bbdefault\u00a0\u00bb type=\u00a0\u00bb1_2&Prime; theme_builder_area=\u00a0\u00bbpost_content\u00a0\u00bb][et_pb_text _builder_version=\u00a0\u00bb4.21.0&Prime; _module_preset=\u00a0\u00bbdefault\u00a0\u00bb theme_builder_area=\u00a0\u00bbpost_content\u00a0\u00bb hover_enabled=\u00a0\u00bb0&Prime; sticky_enabled=\u00a0\u00bb0&Prime;]<div dir=\"auto\">Apr\u00e8s le d\u00e9part du convoi, la commune a organis\u00e9 un bal musette anim\u00e9 par le Beau Milo. Les spectateurs, bien que tr\u00e8s peu nombreux, ont pu appr\u00e9cier la qualit\u00e9 du r\u00e9pertoire de ce groupe et participer aux initiations de Java et de Charleston.<\/div>\n<div dir=\"auto\">Merci encore \u00e0 ce groupe d&rsquo;avoir effectu\u00e9 cette prestation de mani\u00e8re tr\u00e8s professionnelle devant une assembl\u00e9e regrettablement r\u00e9duite.<\/div>\n<div dir=\"auto\">Merci aux personnes pr\u00e9sentes.<\/div>[\/et_pb_text][\/et_pb_column][\/et_pb_row][\/et_pb_section]\n","protected":false},"excerpt":{"rendered":"<p>Apr\u00e8s le d\u00e9part du convoi, la commune a organis\u00e9 un bal musette anim\u00e9 par le Beau Milo. Les spectateurs, bien que tr\u00e8s peu nombreux, ont pu appr\u00e9cier la qualit\u00e9 du r\u00e9pertoire de ce groupe et participer aux initiations de Java et de Charleston. Merci encore \u00e0 ce groupe d&rsquo;avoir effectu\u00e9 cette prestation de mani\u00e8re tr\u00e8s [&hellip;]<\/p>\n","protected":false},"author":2,"featured_media":0,"comment_status":"closed","ping_status":"closed","sticky":false,"template":"","format":"standard","meta":{"_et_pb_use_builder":"on","_et_pb_old_content":"","_et_gb_content_width":"","footnotes":""},"categories":[25],"tags":[],"post_folder":[],"class_list":["post-742","post","type-post","status-publish","format-standard","hentry","category-manifestations"],"_links":{"self":[{"href":"https:\/\/www.douriez.fr\/index.php\/wp-json\/wp\/v2\/posts\/742","targetHints":{"allow":["GET"]}}],"collection":[{"href":"https:\/\/www.douriez.fr\/index.php\/wp-json\/wp\/v2\/posts"}],"about":[{"href":"https:\/\/www.douriez.fr\/index.php\/wp-json\/wp\/v2\/types\/post"}],"author":[{"embeddable":true,"href":"https:\/\/www.douriez.fr\/index.php\/wp-json\/wp\/v2\/users\/2"}],"replies":[{"embeddable":true,"href":"https:\/\/www.douriez.fr\/index.php\/wp-json\/wp\/v2\/comments?post=742"}],"version-history":[{"count":3,"href":"https:\/\/www.douriez.fr\/index.php\/wp-json\/wp\/v2\/posts\/742\/revisions"}],"predecessor-version":[{"id":1074,"href":"https:\/\/www.douriez.fr\/index.php\/wp-json\/wp\/v2\/posts\/742\/revisions\/1074"}],"wp:attachment":[{"href":"https:\/\/www.douriez.fr\/index.php\/wp-json\/wp\/v2\/media?parent=742"}],"wp:term":[{"taxonomy":"category","embeddable":true,"href":"https:\/\/www.douriez.fr\/index.php\/wp-json\/wp\/v2\/categories?post=742"},{"taxonomy":"post_tag","embeddable":true,"href":"https:\/\/www.douriez.fr\/index.php\/wp-json\/wp\/v2\/tags?post=742"},{"taxonomy":"post_folder","embeddable":true,"href":"https:\/\/www.douriez.fr\/index.php\/wp-json\/wp\/v2\/post_folder?post=742"}],"curies":[{"name":"wp","href":"https:\/\/api.w.org\/{rel}","templated":true}]}}