{"id":716,"date":"2023-05-21T10:46:00","date_gmt":"2023-05-21T08:46:00","guid":{"rendered":"https:\/\/www.douriez.fr\/?page_id=716"},"modified":"2024-09-27T14:10:53","modified_gmt":"2024-09-27T12:10:53","slug":"716-2","status":"publish","type":"post","link":"https:\/\/www.douriez.fr\/index.php\/2023\/05\/21\/716-2\/","title":{"rendered":"Comm\u00e9moration du 20 mai 2023"},"content":{"rendered":"\n[et_pb_section fb_built=\u00a0\u00bb1&Prime; _builder_version=\u00a0\u00bb4.21.0&Prime; _module_preset=\u00a0\u00bbdefault\u00a0\u00bb global_colors_info=\u00a0\u00bb{}\u00a0\u00bb][et_pb_row column_structure=\u00a0\u00bb1_2,1_2&Prime; _builder_version=\u00a0\u00bb4.21.0&Prime; _module_preset=\u00a0\u00bbdefault\u00a0\u00bb global_colors_info=\u00a0\u00bb{}\u00a0\u00bb][et_pb_column type=\u00a0\u00bb1_2&Prime; _builder_version=\u00a0\u00bb4.21.0&Prime; _module_preset=\u00a0\u00bbdefault\u00a0\u00bb global_colors_info=\u00a0\u00bb{}\u00a0\u00bb][et_pb_image src=\u00a0\u00bbhttps:\/\/www.douriez.fr\/wp-content\/uploads\/2023\/07\/350629244_273282741758838_8494591124791878812_n.jpg\u00a0\u00bb title_text=\u00a0\u00bb350629244_273282741758838_8494591124791878812_n\u00a0\u00bb _builder_version=\u00a0\u00bb4.21.0&Prime; _module_preset=\u00a0\u00bbdefault\u00a0\u00bb global_colors_info=\u00a0\u00bb{}\u00a0\u00bb][\/et_pb_image][\/et_pb_column][et_pb_column type=\u00a0\u00bb1_2&Prime; _builder_version=\u00a0\u00bb4.21.0&Prime; _module_preset=\u00a0\u00bbdefault\u00a0\u00bb global_colors_info=\u00a0\u00bb{}\u00a0\u00bb][et_pb_text _builder_version=\u00a0\u00bb4.21.0&Prime; _module_preset=\u00a0\u00bbdefault\u00a0\u00bb global_colors_info=\u00a0\u00bb{}\u00a0\u00bb]<div class=\"xdj266r x11i5rnm xat24cr x1mh8g0r x1vvkbs x126k92a\">\n<div dir=\"auto\">La journ\u00e9e du 20 mai dernier a rencontr\u00e9 un beau succ\u00e8s gr\u00e2ce \u00e0 l&rsquo;association Faire Revivre L&rsquo;Histoire, pr\u00e9sid\u00e9e par Serge VARLET. La commune remercie chaleureusement chacun de ses membres et participants.<\/div>\n<\/div>\n<div class=\"x11i5rnm xat24cr x1mh8g0r x1vvkbs xtlvy1s x126k92a\">\n<div dir=\"auto\">En pr\u00e9sence de Mme la Sous-Pr\u00e9f\u00e8te Isabelle FRADIN-THIRODE, M. le D\u00e9put\u00e9 Philippe FAIT, M. le Pr\u00e9sident de la Communaut\u00e9 de Communes des 7 Vall\u00e9es Matthieu DEMONCHEAUX, et de nombreux maires et \u00e9lus, la c\u00e9r\u00e9monie r\u00e9publicaine rendant hommage aux deux soldats, Gilles HIBON <span><a tabindex=\"-1\"><\/a><\/span>et Lucien QUENNEHEN, s&rsquo;est d\u00e9roul\u00e9e avec une \u00e9motion particuli\u00e8re.<\/div>\n<\/div>\n<div class=\"x11i5rnm xat24cr x1mh8g0r x1vvkbs xtlvy1s x126k92a\">\n<div dir=\"auto\">La commune de Douriez remercie \u00e9galement les nombreux spectateurs contribuant au succ\u00e8s de cet \u00e9v\u00e8nement.<\/div>\n<\/div>[\/et_pb_text][\/et_pb_column][\/et_pb_row][\/et_pb_section][et_pb_section fb_built=\u00a0\u00bb1&Prime; _builder_version=\u00a0\u00bb4.21.0&Prime; _module_preset=\u00a0\u00bbdefault\u00a0\u00bb global_colors_info=\u00a0\u00bb{}\u00a0\u00bb][et_pb_row column_structure=\u00a0\u00bb1_2,1_2&Prime; _builder_version=\u00a0\u00bb4.21.0&Prime; _module_preset=\u00a0\u00bbdefault\u00a0\u00bb global_colors_info=\u00a0\u00bb{}\u00a0\u00bb][et_pb_column type=\u00a0\u00bb1_2&Prime; _builder_version=\u00a0\u00bb4.21.0&Prime; _module_preset=\u00a0\u00bbdefault\u00a0\u00bb global_colors_info=\u00a0\u00bb{}\u00a0\u00bb][et_pb_video src=\u00a0\u00bbhttps:\/\/youtu.be\/nuCfnH2FIXg\u00a0\u00bb _builder_version=\u00a0\u00bb4.21.0&Prime; _module_preset=\u00a0\u00bbdefault\u00a0\u00bb hover_enabled=\u00a0\u00bb0&Prime; global_colors_info=\u00a0\u00bb{}\u00a0\u00bb sticky_enabled=\u00a0\u00bb0&Prime;][\/et_pb_video][\/et_pb_column][et_pb_column type=\u00a0\u00bb1_2&Prime; _builder_version=\u00a0\u00bb4.21.0&Prime; _module_preset=\u00a0\u00bbdefault\u00a0\u00bb global_colors_info=\u00a0\u00bb{}\u00a0\u00bb][\/et_pb_column][\/et_pb_row][\/et_pb_section]\n","protected":false},"excerpt":{"rendered":"<p>La journ\u00e9e du 20 mai dernier a rencontr\u00e9 un beau succ\u00e8s gr\u00e2ce \u00e0 l&rsquo;association Faire Revivre L&rsquo;Histoire, pr\u00e9sid\u00e9e par Serge VARLET. La commune remercie chaleureusement chacun de ses membres et participants. En pr\u00e9sence de Mme la Sous-Pr\u00e9f\u00e8te Isabelle FRADIN-THIRODE, M. le D\u00e9put\u00e9 Philippe FAIT, M. le Pr\u00e9sident de la Communaut\u00e9 de Communes des 7 Vall\u00e9es [&hellip;]<\/p>\n","protected":false},"author":2,"featured_media":0,"comment_status":"closed","ping_status":"closed","sticky":false,"template":"","format":"standard","meta":{"_et_pb_use_builder":"on","_et_pb_old_content":"","_et_gb_content_width":"","footnotes":""},"categories":[25],"tags":[],"post_folder":[],"class_list":["post-716","post","type-post","status-publish","format-standard","hentry","category-manifestations"],"_links":{"self":[{"href":"https:\/\/www.douriez.fr\/index.php\/wp-json\/wp\/v2\/posts\/716","targetHints":{"allow":["GET"]}}],"collection":[{"href":"https:\/\/www.douriez.fr\/index.php\/wp-json\/wp\/v2\/posts"}],"about":[{"href":"https:\/\/www.douriez.fr\/index.php\/wp-json\/wp\/v2\/types\/post"}],"author":[{"embeddable":true,"href":"https:\/\/www.douriez.fr\/index.php\/wp-json\/wp\/v2\/users\/2"}],"replies":[{"embeddable":true,"href":"https:\/\/www.douriez.fr\/index.php\/wp-json\/wp\/v2\/comments?post=716"}],"version-history":[{"count":6,"href":"https:\/\/www.douriez.fr\/index.php\/wp-json\/wp\/v2\/posts\/716\/revisions"}],"predecessor-version":[{"id":1076,"href":"https:\/\/www.douriez.fr\/index.php\/wp-json\/wp\/v2\/posts\/716\/revisions\/1076"}],"wp:attachment":[{"href":"https:\/\/www.douriez.fr\/index.php\/wp-json\/wp\/v2\/media?parent=716"}],"wp:term":[{"taxonomy":"category","embeddable":true,"href":"https:\/\/www.douriez.fr\/index.php\/wp-json\/wp\/v2\/categories?post=716"},{"taxonomy":"post_tag","embeddable":true,"href":"https:\/\/www.douriez.fr\/index.php\/wp-json\/wp\/v2\/tags?post=716"},{"taxonomy":"post_folder","embeddable":true,"href":"https:\/\/www.douriez.fr\/index.php\/wp-json\/wp\/v2\/post_folder?post=716"}],"curies":[{"name":"wp","href":"https:\/\/api.w.org\/{rel}","templated":true}]}}