{"id":409,"date":"2022-09-23T10:19:59","date_gmt":"2022-09-23T08:19:59","guid":{"rendered":"https:\/\/www.douriez.fr\/?p=409"},"modified":"2022-09-23T10:29:16","modified_gmt":"2022-09-23T08:29:16","slug":"jardin-en-scene","status":"publish","type":"post","link":"https:\/\/www.douriez.fr\/index.php\/2022\/09\/23\/jardin-en-scene\/","title":{"rendered":"Jardin en sc\u00e8ne"},"content":{"rendered":"<p>[et_pb_section fb_built=\u00a0\u00bb1&Prime; _builder_version=\u00a0\u00bb4.18.0&Prime; _module_preset=\u00a0\u00bbdefault\u00a0\u00bb global_colors_info=\u00a0\u00bb{}\u00a0\u00bb][et_pb_row column_structure=\u00a0\u00bb2_5,3_5&Prime; _builder_version=\u00a0\u00bb4.18.0&Prime; _module_preset=\u00a0\u00bbdefault\u00a0\u00bb global_colors_info=\u00a0\u00bb{}\u00a0\u00bb][et_pb_column type=\u00a0\u00bb2_5&Prime; _builder_version=\u00a0\u00bb4.18.0&Prime; _module_preset=\u00a0\u00bbdefault\u00a0\u00bb global_colors_info=\u00a0\u00bb{}\u00a0\u00bb][et_pb_image src=\u00a0\u00bbhttps:\/\/www.douriez.fr\/wp-content\/uploads\/2022\/09\/30-1-scaled.jpg\u00a0\u00bb title_text=\u00a0\u00bb30&Prime; _builder_version=\u00a0\u00bb4.18.0&Prime; _module_preset=\u00a0\u00bbdefault\u00a0\u00bb global_colors_info=\u00a0\u00bb{}\u00a0\u00bb][\/et_pb_image][\/et_pb_column][et_pb_column type=\u00a0\u00bb3_5&Prime; _builder_version=\u00a0\u00bb4.18.0&Prime; _module_preset=\u00a0\u00bbdefault\u00a0\u00bb global_colors_info=\u00a0\u00bb{}\u00a0\u00bb][et_pb_text _builder_version=\u00a0\u00bb4.18.0&Prime; _module_preset=\u00a0\u00bbdefault\u00a0\u00bb global_colors_info=\u00a0\u00bb{}\u00a0\u00bb]<\/p>\n<p><span>Le week-end des 17 et 18 septembre s&rsquo;est d\u00e9roul\u00e9 Jardins en sc\u00e8ne au domicile de M. Gayant.<\/span><\/p>\n<p><span>Chez Monsieur et Madame Gayant, un jardin \u00e0 d\u00e9couvrir rue de Molinel en suivant \u00e0 la trace d&rsquo;\u00e9tranges cr\u00e9atures qui<\/span> rodent, installations visuelles et sonores de Edith Henry, Valentin Caillieret, Christiane Calonne et Jacques Dupuich.<\/p>\n<p><span>Un bon dimanche pass\u00e9 dans le jardin en sc\u00e8ne de Monsieur et Madame Gayant.<\/span><\/p>\n<p><span>Impro-conf\u00e9rence l&rsquo;agriculture, sauveuse climatique, conf\u00e9rencier Jacques Caplat, artistes Juliette kapla, Fabrice Vieira.<\/span><\/p>\n<p><span>La Compagnie du Reste ici, avec Christiane Calonne, et Jacques Dupuich. Deux diseux passionn\u00e9s de la belle langue picarde.<\/span><span><\/span><\/p>\n<p>[\/et_pb_text][\/et_pb_column][\/et_pb_row][et_pb_row _builder_version=\u00a0\u00bb4.18.0&Prime; _module_preset=\u00a0\u00bbdefault\u00a0\u00bb global_colors_info=\u00a0\u00bb{}\u00a0\u00bb][et_pb_column type=\u00a0\u00bb4_4&Prime; _builder_version=\u00a0\u00bb4.18.0&Prime; _module_preset=\u00a0\u00bbdefault\u00a0\u00bb global_colors_info=\u00a0\u00bb{}\u00a0\u00bb][et_pb_gallery gallery_ids=\u00a0\u00bb413,414,415,416,417,418,419,420,421,422,423,424,425,426,427,428,429,430,431,432,433,434,435&Prime; fullwidth=\u00a0\u00bbon\u00a0\u00bb _builder_version=\u00a0\u00bb4.18.0&Prime; _module_preset=\u00a0\u00bbdefault\u00a0\u00bb hover_enabled=\u00a0\u00bb0&Prime; global_colors_info=\u00a0\u00bb{}\u00a0\u00bb sticky_enabled=\u00a0\u00bb0&Prime;][\/et_pb_gallery][\/et_pb_column][\/et_pb_row][\/et_pb_section]<\/p>\n","protected":false},"excerpt":{"rendered":"<p>Le week-end des 17 et 18 septembre s&rsquo;est d\u00e9roul\u00e9 Jardins en sc\u00e8ne au domicile de M. Gayant. Chez Monsieur et Madame Gayant, un jardin \u00e0 d\u00e9couvrir rue de Molinel en suivant \u00e0 la trace d&rsquo;\u00e9tranges cr\u00e9atures qui rodent, installations visuelles et sonores de Edith Henry, Valentin Caillieret, Christiane Calonne et Jacques Dupuich. Un bon dimanche [&hellip;]<\/p>\n","protected":false},"author":2,"featured_media":415,"comment_status":"closed","ping_status":"closed","sticky":false,"template":"","format":"standard","meta":{"_et_pb_use_builder":"on","_et_pb_old_content":"","_et_gb_content_width":"","footnotes":""},"categories":[1],"tags":[],"post_folder":[],"class_list":["post-409","post","type-post","status-publish","format-standard","has-post-thumbnail","hentry","category-non-classe"],"_links":{"self":[{"href":"https:\/\/www.douriez.fr\/index.php\/wp-json\/wp\/v2\/posts\/409","targetHints":{"allow":["GET"]}}],"collection":[{"href":"https:\/\/www.douriez.fr\/index.php\/wp-json\/wp\/v2\/posts"}],"about":[{"href":"https:\/\/www.douriez.fr\/index.php\/wp-json\/wp\/v2\/types\/post"}],"author":[{"embeddable":true,"href":"https:\/\/www.douriez.fr\/index.php\/wp-json\/wp\/v2\/users\/2"}],"replies":[{"embeddable":true,"href":"https:\/\/www.douriez.fr\/index.php\/wp-json\/wp\/v2\/comments?post=409"}],"version-history":[{"count":5,"href":"https:\/\/www.douriez.fr\/index.php\/wp-json\/wp\/v2\/posts\/409\/revisions"}],"predecessor-version":[{"id":440,"href":"https:\/\/www.douriez.fr\/index.php\/wp-json\/wp\/v2\/posts\/409\/revisions\/440"}],"wp:featuredmedia":[{"embeddable":true,"href":"https:\/\/www.douriez.fr\/index.php\/wp-json\/wp\/v2\/media\/415"}],"wp:attachment":[{"href":"https:\/\/www.douriez.fr\/index.php\/wp-json\/wp\/v2\/media?parent=409"}],"wp:term":[{"taxonomy":"category","embeddable":true,"href":"https:\/\/www.douriez.fr\/index.php\/wp-json\/wp\/v2\/categories?post=409"},{"taxonomy":"post_tag","embeddable":true,"href":"https:\/\/www.douriez.fr\/index.php\/wp-json\/wp\/v2\/tags?post=409"},{"taxonomy":"post_folder","embeddable":true,"href":"https:\/\/www.douriez.fr\/index.php\/wp-json\/wp\/v2\/post_folder?post=409"}],"curies":[{"name":"wp","href":"https:\/\/api.w.org\/{rel}","templated":true}]}}