{"id":1779,"date":"2026-04-15T16:35:04","date_gmt":"2026-04-15T14:35:04","guid":{"rendered":"https:\/\/www.douriez.fr\/?p=1779"},"modified":"2026-04-15T16:35:05","modified_gmt":"2026-04-15T14:35:05","slug":"fetons-le-printemps","status":"publish","type":"post","link":"https:\/\/www.douriez.fr\/index.php\/2026\/04\/15\/fetons-le-printemps\/","title":{"rendered":"F\u00eatons le printemps"},"content":{"rendered":"\n<p><img loading=\"lazy\" decoding=\"async\" height=\"16\" width=\"16\" alt=\"\ud83d\udc26\" src=\"https:\/\/static.xx.fbcdn.net\/images\/emoji.php\/v9\/t2f\/2\/16\/1f426.png\"><img loading=\"lazy\" decoding=\"async\" height=\"16\" width=\"16\" alt=\"\ud83c\udf3c\" src=\"https:\/\/static.xx.fbcdn.net\/images\/emoji.php\/v9\/t3a\/2\/16\/1f33c.png\">Dimanche 26 avril d\u00e8s 16h au 30 rue du Molinel \u00e0 Douriez, venez f\u00eater le printemps avec Sajad Kiani, Mahda Razzazi, et l&rsquo;association La Pluie d&rsquo;oiseaux !<\/p>\n\n\n\n<p>Un dimanche apr\u00e8s-midi au jardin, pour c\u00e9l\u00e9brer les oiseaux et la rencontre des cultures.<\/p>\n\n\n\n<p><img loading=\"lazy\" decoding=\"async\" height=\"16\" width=\"16\" alt=\"\ud83d\udc49\" src=\"https:\/\/static.xx.fbcdn.net\/images\/emoji.php\/v9\/tf0\/2\/16\/1f449.png\">Au programme : Musique &#8211; danse &#8211; lectures &#8211; ateliers &#8211; \u00c9changes<\/p>\n\n\n\n<p><img loading=\"lazy\" decoding=\"async\" height=\"16\" width=\"16\" alt=\"\ud83e\udde3\" src=\"https:\/\/static.xx.fbcdn.net\/images\/emoji.php\/v9\/t9e\/2\/16\/1f9e3.png\"> Les fins de journ\u00e9e sont encore fra\u00eeches, pr\u00e9voir une tenue ad\u00e9quate !<\/p>\n\n\n\n<figure class=\"wp-block-image size-large\"><img loading=\"lazy\" decoding=\"async\" width=\"724\" height=\"1024\" src=\"https:\/\/www.douriez.fr\/wp-content\/uploads\/2026\/04\/fetons-le-printemps-724x1024.jpg\" alt=\"\" class=\"wp-image-1780\"\/><\/figure>\n","protected":false},"excerpt":{"rendered":"<p>Dimanche 26 avril d\u00e8s 16h au 30 rue du Molinel \u00e0 Douriez, venez f\u00eater le printemps avec Sajad Kiani, Mahda Razzazi, et l&rsquo;association La Pluie d&rsquo;oiseaux ! Un dimanche apr\u00e8s-midi au jardin, pour c\u00e9l\u00e9brer les oiseaux et la rencontre des cultures. Au programme : Musique &#8211; danse &#8211; lectures &#8211; ateliers &#8211; \u00c9changes Les fins [&hellip;]<\/p>\n","protected":false},"author":1,"featured_media":1780,"comment_status":"closed","ping_status":"closed","sticky":false,"template":"","format":"standard","meta":{"_et_pb_use_builder":"off","_et_pb_old_content":"","_et_gb_content_width":"","footnotes":""},"categories":[1],"tags":[],"post_folder":[],"class_list":["post-1779","post","type-post","status-publish","format-standard","has-post-thumbnail","hentry","category-non-classe"],"_links":{"self":[{"href":"https:\/\/www.douriez.fr\/index.php\/wp-json\/wp\/v2\/posts\/1779","targetHints":{"allow":["GET"]}}],"collection":[{"href":"https:\/\/www.douriez.fr\/index.php\/wp-json\/wp\/v2\/posts"}],"about":[{"href":"https:\/\/www.douriez.fr\/index.php\/wp-json\/wp\/v2\/types\/post"}],"author":[{"embeddable":true,"href":"https:\/\/www.douriez.fr\/index.php\/wp-json\/wp\/v2\/users\/1"}],"replies":[{"embeddable":true,"href":"https:\/\/www.douriez.fr\/index.php\/wp-json\/wp\/v2\/comments?post=1779"}],"version-history":[{"count":1,"href":"https:\/\/www.douriez.fr\/index.php\/wp-json\/wp\/v2\/posts\/1779\/revisions"}],"predecessor-version":[{"id":1781,"href":"https:\/\/www.douriez.fr\/index.php\/wp-json\/wp\/v2\/posts\/1779\/revisions\/1781"}],"wp:featuredmedia":[{"embeddable":true,"href":"https:\/\/www.douriez.fr\/index.php\/wp-json\/wp\/v2\/media\/1780"}],"wp:attachment":[{"href":"https:\/\/www.douriez.fr\/index.php\/wp-json\/wp\/v2\/media?parent=1779"}],"wp:term":[{"taxonomy":"category","embeddable":true,"href":"https:\/\/www.douriez.fr\/index.php\/wp-json\/wp\/v2\/categories?post=1779"},{"taxonomy":"post_tag","embeddable":true,"href":"https:\/\/www.douriez.fr\/index.php\/wp-json\/wp\/v2\/tags?post=1779"},{"taxonomy":"post_folder","embeddable":true,"href":"https:\/\/www.douriez.fr\/index.php\/wp-json\/wp\/v2\/post_folder?post=1779"}],"curies":[{"name":"wp","href":"https:\/\/api.w.org\/{rel}","templated":true}]}}