{"id":1685,"date":"2026-03-09T09:08:56","date_gmt":"2026-03-09T08:08:56","guid":{"rendered":"https:\/\/www.douriez.fr\/?p=1685"},"modified":"2026-03-22T09:10:29","modified_gmt":"2026-03-22T08:10:29","slug":"videomapping-a-la-collegiale","status":"publish","type":"post","link":"https:\/\/www.douriez.fr\/index.php\/2026\/03\/09\/videomapping-a-la-collegiale\/","title":{"rendered":"Vid\u00e9omapping \u00e0 la coll\u00e9giale"},"content":{"rendered":"\n<p>A ne pas rater, spectacle sons et lumi\u00e8res immersif avec vid\u00e9omapping les 15 et 16 mai 2026 \u00e0 21h30 \u00e0 la Coll\u00e9giale de DOURIEZ : LES ECHOS DES 7 VALLEES<\/p>\n\n\n\n<p>Pour davantage de renseignements : <a href=\"https:\/\/www.lesechosdes7vallees.fr\/?fbclid=IwZXh0bgNhZW0CMTAAYnJpZBExUXEzU2x2SGNSeGI4elRaZnNydGMGYXBwX2lkEDIyMjAzOTE3ODgyMDA4OTIAAR6VEJGP3cmJKA77vhL1cd570v2qS6P0vXPzn7qMx8dEJoJEZx4JLTsDCBdE3w_aem_6QeUFRTtAo7Y9DHlO96YtA\" rel=\"noreferrer noopener\" target=\"_blank\">https:\/\/www.lesechosdes7vallees.fr\/<\/a><\/p>\n\n\n\n<p>R\u00e9servez au plus vite vos places : <a href=\"https:\/\/www.helloasso.com\/associations\/mise-en-scene-et-cie\/evenements\/les-echos-des-7-vallees-douriez-tournee-2026?fbclid=IwZXh0bgNhZW0CMTAAYnJpZBExUXEzU2x2SGNSeGI4elRaZnNydGMGYXBwX2lkEDIyMjAzOTE3ODgyMDA4OTIAAR6VEJGP3cmJKA77vhL1cd570v2qS6P0vXPzn7qMx8dEJoJEZx4JLTsDCBdE3w_aem_6QeUFRTtAo7Y9DHlO96YtA\" rel=\"noreferrer noopener\" target=\"_blank\">https:\/\/www.helloasso.com\/&#8230;\/les-echos-des-7-vallees&#8230;<\/a><\/p>\n\n\n\n<figure class=\"wp-block-image size-large\"><img loading=\"lazy\" decoding=\"async\" width=\"724\" height=\"1024\" src=\"https:\/\/www.douriez.fr\/wp-content\/uploads\/2026\/03\/videomapping-724x1024.jpg\" alt=\"\" class=\"wp-image-1686\"\/><\/figure>\n","protected":false},"excerpt":{"rendered":"<p>A ne pas rater, spectacle sons et lumi\u00e8res immersif avec vid\u00e9omapping les 15 et 16 mai 2026 \u00e0 21h30 \u00e0 la Coll\u00e9giale de DOURIEZ : LES ECHOS DES 7 VALLEES Pour davantage de renseignements : https:\/\/www.lesechosdes7vallees.fr\/ R\u00e9servez au plus vite vos places : https:\/\/www.helloasso.com\/&#8230;\/les-echos-des-7-vallees&#8230;<\/p>\n","protected":false},"author":1,"featured_media":1686,"comment_status":"closed","ping_status":"closed","sticky":false,"template":"","format":"standard","meta":{"_et_pb_use_builder":"off","_et_pb_old_content":"","_et_gb_content_width":"","footnotes":""},"categories":[1],"tags":[],"post_folder":[],"class_list":["post-1685","post","type-post","status-publish","format-standard","has-post-thumbnail","hentry","category-non-classe"],"_links":{"self":[{"href":"https:\/\/www.douriez.fr\/index.php\/wp-json\/wp\/v2\/posts\/1685","targetHints":{"allow":["GET"]}}],"collection":[{"href":"https:\/\/www.douriez.fr\/index.php\/wp-json\/wp\/v2\/posts"}],"about":[{"href":"https:\/\/www.douriez.fr\/index.php\/wp-json\/wp\/v2\/types\/post"}],"author":[{"embeddable":true,"href":"https:\/\/www.douriez.fr\/index.php\/wp-json\/wp\/v2\/users\/1"}],"replies":[{"embeddable":true,"href":"https:\/\/www.douriez.fr\/index.php\/wp-json\/wp\/v2\/comments?post=1685"}],"version-history":[{"count":1,"href":"https:\/\/www.douriez.fr\/index.php\/wp-json\/wp\/v2\/posts\/1685\/revisions"}],"predecessor-version":[{"id":1687,"href":"https:\/\/www.douriez.fr\/index.php\/wp-json\/wp\/v2\/posts\/1685\/revisions\/1687"}],"wp:featuredmedia":[{"embeddable":true,"href":"https:\/\/www.douriez.fr\/index.php\/wp-json\/wp\/v2\/media\/1686"}],"wp:attachment":[{"href":"https:\/\/www.douriez.fr\/index.php\/wp-json\/wp\/v2\/media?parent=1685"}],"wp:term":[{"taxonomy":"category","embeddable":true,"href":"https:\/\/www.douriez.fr\/index.php\/wp-json\/wp\/v2\/categories?post=1685"},{"taxonomy":"post_tag","embeddable":true,"href":"https:\/\/www.douriez.fr\/index.php\/wp-json\/wp\/v2\/tags?post=1685"},{"taxonomy":"post_folder","embeddable":true,"href":"https:\/\/www.douriez.fr\/index.php\/wp-json\/wp\/v2\/post_folder?post=1685"}],"curies":[{"name":"wp","href":"https:\/\/api.w.org\/{rel}","templated":true}]}}