{"id":1606,"date":"2025-12-31T10:28:12","date_gmt":"2025-12-31T09:28:12","guid":{"rendered":"https:\/\/www.douriez.fr\/?p=1606"},"modified":"2025-12-31T10:30:39","modified_gmt":"2025-12-31T09:30:39","slug":"ceremonie-des-voeux-2026","status":"publish","type":"post","link":"https:\/\/www.douriez.fr\/index.php\/2025\/12\/31\/ceremonie-des-voeux-2026\/","title":{"rendered":"C\u00e9r\u00e9monie des voeux 2026"},"content":{"rendered":"\n<p>Le Maire, les \u00e9lus ainsi que les employ\u00e9s communaux auront le plaisir de vous retrouver pour la traditionnelle pr\u00e9sentation des v\u0153ux le samedi <a><\/a>17 janvier 2025 \u00e0 11h30, \u00e0 la salle communale.<\/p>\n\n\n\n<p>A l&rsquo;issue de la c\u00e9r\u00e9monie ,un food-truck sera pr\u00e9sent pour partager un moment convivial et gourmand offert par la municipalit\u00e9 .<\/p>\n\n\n\n<figure class=\"wp-block-image size-large\"><img decoding=\"async\" src=\"https:\/\/www.douriez.fr\/wp-content\/uploads\/2025\/12\/voeux2026-1024x1001.jpg\" alt=\"\" class=\"wp-image-1607\"\/><\/figure>\n","protected":false},"excerpt":{"rendered":"<p>Le Maire, les \u00e9lus ainsi que les employ\u00e9s communaux auront le plaisir de vous retrouver pour la traditionnelle pr\u00e9sentation des v\u0153ux le samedi 17 janvier 2025 \u00e0 11h30, \u00e0 la salle communale. A l&rsquo;issue de la c\u00e9r\u00e9monie ,un food-truck sera pr\u00e9sent pour partager un moment convivial et gourmand offert par la municipalit\u00e9 .<\/p>\n","protected":false},"author":1,"featured_media":1607,"comment_status":"closed","ping_status":"closed","sticky":false,"template":"","format":"standard","meta":{"_et_pb_use_builder":"off","_et_pb_old_content":"","_et_gb_content_width":"","footnotes":""},"categories":[1],"tags":[],"post_folder":[],"class_list":["post-1606","post","type-post","status-publish","format-standard","has-post-thumbnail","hentry","category-non-classe"],"_links":{"self":[{"href":"https:\/\/www.douriez.fr\/index.php\/wp-json\/wp\/v2\/posts\/1606","targetHints":{"allow":["GET"]}}],"collection":[{"href":"https:\/\/www.douriez.fr\/index.php\/wp-json\/wp\/v2\/posts"}],"about":[{"href":"https:\/\/www.douriez.fr\/index.php\/wp-json\/wp\/v2\/types\/post"}],"author":[{"embeddable":true,"href":"https:\/\/www.douriez.fr\/index.php\/wp-json\/wp\/v2\/users\/1"}],"replies":[{"embeddable":true,"href":"https:\/\/www.douriez.fr\/index.php\/wp-json\/wp\/v2\/comments?post=1606"}],"version-history":[{"count":2,"href":"https:\/\/www.douriez.fr\/index.php\/wp-json\/wp\/v2\/posts\/1606\/revisions"}],"predecessor-version":[{"id":1609,"href":"https:\/\/www.douriez.fr\/index.php\/wp-json\/wp\/v2\/posts\/1606\/revisions\/1609"}],"wp:featuredmedia":[{"embeddable":true,"href":"https:\/\/www.douriez.fr\/index.php\/wp-json\/wp\/v2\/media\/1607"}],"wp:attachment":[{"href":"https:\/\/www.douriez.fr\/index.php\/wp-json\/wp\/v2\/media?parent=1606"}],"wp:term":[{"taxonomy":"category","embeddable":true,"href":"https:\/\/www.douriez.fr\/index.php\/wp-json\/wp\/v2\/categories?post=1606"},{"taxonomy":"post_tag","embeddable":true,"href":"https:\/\/www.douriez.fr\/index.php\/wp-json\/wp\/v2\/tags?post=1606"},{"taxonomy":"post_folder","embeddable":true,"href":"https:\/\/www.douriez.fr\/index.php\/wp-json\/wp\/v2\/post_folder?post=1606"}],"curies":[{"name":"wp","href":"https:\/\/api.w.org\/{rel}","templated":true}]}}