{"id":1599,"date":"2025-12-23T10:21:39","date_gmt":"2025-12-23T09:21:39","guid":{"rendered":"https:\/\/www.douriez.fr\/?p=1599"},"modified":"2025-12-31T10:24:33","modified_gmt":"2025-12-31T09:24:33","slug":"borne-a-biodechets","status":"publish","type":"post","link":"https:\/\/www.douriez.fr\/index.php\/2025\/12\/23\/borne-a-biodechets\/","title":{"rendered":"Borne \u00e0 biod\u00e9chets"},"content":{"rendered":"\n<p>En compl\u00e9ment des solutions de compostage individuel propos\u00e9es \u00e0 ses habitants par la communaut\u00e9 de communes des 7 vall\u00e9es, une borne \u00e0 biod\u00e9chets alimentaires en apport volontaire a \u00e9t\u00e9 install\u00e9e , rue de Gouy st Andr\u00e9 , \u00e0 hauteur de la coll\u00e9giale . Cet endroit , qui accueillait un ancien abribus ,a \u00e9t\u00e9 choisi dans un premier temps car il ne n\u00e9cessitait pas de travaux , le bac devant \u00eatre plac\u00e9 sur une surface en dur . Cet endroit est provisoire , il prendra place \u00e0 l&rsquo;avenir avec les colonnes enterr\u00e9es en cours de constructions au 12 Place du March\u00e9 . (j&rsquo; y reviendrais lorsque les travaux d&rsquo;am\u00e9nagement seront termin\u00e9s fin janvier ).<\/p>\n\n\n\n<figure class=\"wp-block-image aligncenter size-large\"><img loading=\"lazy\" decoding=\"async\" width=\"768\" height=\"1024\" src=\"https:\/\/www.douriez.fr\/wp-content\/uploads\/2025\/12\/biodechets2-768x1024.jpg\" alt=\"\" class=\"wp-image-1600\" style=\"aspect-ratio:1;object-fit:cover\"\/><\/figure>\n\n\n\n<p>Tous les habitants peuvent y d\u00e9poser leurs biod\u00e9chets alimentaires.<\/p>\n\n\n\n<p>Que sont les biod\u00e9chets alimentaires ? Pourquoi les trier ?<\/p>\n\n\n\n<p>En moyenne, les biod\u00e9chets alimentaires repr\u00e9sentent encore aujourd\u2019hui 1\/3 de la poubelle d\u2019ordures m\u00e9nag\u00e8res des habitants du territoire. Plus commun\u00e9ment appel\u00e9s \u00ab d\u00e9chets de cuisine et de table \u00bb, ils se composent d\u2019\u00e9pluchures de fruits et l\u00e9gumes, de restes de repas ou encore de produits p\u00e9rim\u00e9s non consomm\u00e9s. Ces 97 kg par habitant et par an sont m\u00e9lang\u00e9s aux ordures m\u00e9nag\u00e8res et se retrouvent malheureusement enfouis ou incin\u00e9r\u00e9s avec un co\u00fbt de plus en plus important.<\/p>\n\n\n\n<p>Rappelons que depuis le 1er janvier 2024, le tri des biod\u00e9chets se g\u00e9n\u00e9ralise et doit se faire \u00e0 la source pour tous les particuliers et les professionnels en France, conform\u00e9ment au droit europ\u00e9en et \u00e0 la loi anti gaspillage de 2020.<\/p>\n\n\n\n<p>Un moyen efficace d\u2019all\u00e9ger vos poubelles, de permettre leur valorisation et leur retour \u00e0 la terre est simplement de\u2026 les trier !<\/p>\n\n\n\n<p>Qu\u2019est-ce qu\u2019une borne \u00e0 biod\u00e9chets ?<\/p>\n\n\n\n<p>Il s\u2019agit d\u2019un point d\u2019apport volontaire dans lequel vous \u00eates invit\u00e9s \u00e0 d\u00e9poser vos biod\u00e9chets alimentaires. Le contenu des bornes est ensuite collect\u00e9 une fois par semaine par les services de la communaut\u00e9 de communes des 7 vall\u00e9es puis trait\u00e9 pour \u00eatre transform\u00e9 au bout de quelques mois en fertilisant naturel.<\/p>\n\n\n\n<p>Comment \u00e7a marche ?<\/p>\n\n\n\n<p>1 \u2013 Au quotidien, je trie mes biod\u00e9chets alimentaires<\/p>\n\n\n\n<p>Tous les d\u00e9chets alimentaires sont accept\u00e9s .<\/p>\n\n\n\n<p>2 \u2013 Je d\u00e9pose mes biod\u00e9chets alimentaires dans la borne \u00e0 biod\u00e9chets.<\/p>\n\n\n\n<p>J\u2019actionne la p\u00e9dale pour ouvrir la trappe<\/p>\n\n\n\n<p>Je d\u00e9pose en vrac mes biod\u00e9chets alimentaires (non emball\u00e9s et sans sac)<\/p>\n\n\n\n<p>La borne est accessible \u00e0 tous et tout le temps !<\/p>\n","protected":false},"excerpt":{"rendered":"<p>En compl\u00e9ment des solutions de compostage individuel propos\u00e9es \u00e0 ses habitants par la communaut\u00e9 de communes des 7 vall\u00e9es, une borne \u00e0 biod\u00e9chets alimentaires en apport volontaire a \u00e9t\u00e9 install\u00e9e , rue de Gouy st Andr\u00e9 , \u00e0 hauteur de la coll\u00e9giale . Cet endroit , qui accueillait un ancien abribus ,a \u00e9t\u00e9 choisi dans [&hellip;]<\/p>\n","protected":false},"author":1,"featured_media":1601,"comment_status":"closed","ping_status":"closed","sticky":false,"template":"","format":"standard","meta":{"_et_pb_use_builder":"off","_et_pb_old_content":"","_et_gb_content_width":"","footnotes":""},"categories":[1],"tags":[],"post_folder":[],"class_list":["post-1599","post","type-post","status-publish","format-standard","has-post-thumbnail","hentry","category-non-classe"],"_links":{"self":[{"href":"https:\/\/www.douriez.fr\/index.php\/wp-json\/wp\/v2\/posts\/1599","targetHints":{"allow":["GET"]}}],"collection":[{"href":"https:\/\/www.douriez.fr\/index.php\/wp-json\/wp\/v2\/posts"}],"about":[{"href":"https:\/\/www.douriez.fr\/index.php\/wp-json\/wp\/v2\/types\/post"}],"author":[{"embeddable":true,"href":"https:\/\/www.douriez.fr\/index.php\/wp-json\/wp\/v2\/users\/1"}],"replies":[{"embeddable":true,"href":"https:\/\/www.douriez.fr\/index.php\/wp-json\/wp\/v2\/comments?post=1599"}],"version-history":[{"count":1,"href":"https:\/\/www.douriez.fr\/index.php\/wp-json\/wp\/v2\/posts\/1599\/revisions"}],"predecessor-version":[{"id":1602,"href":"https:\/\/www.douriez.fr\/index.php\/wp-json\/wp\/v2\/posts\/1599\/revisions\/1602"}],"wp:featuredmedia":[{"embeddable":true,"href":"https:\/\/www.douriez.fr\/index.php\/wp-json\/wp\/v2\/media\/1601"}],"wp:attachment":[{"href":"https:\/\/www.douriez.fr\/index.php\/wp-json\/wp\/v2\/media?parent=1599"}],"wp:term":[{"taxonomy":"category","embeddable":true,"href":"https:\/\/www.douriez.fr\/index.php\/wp-json\/wp\/v2\/categories?post=1599"},{"taxonomy":"post_tag","embeddable":true,"href":"https:\/\/www.douriez.fr\/index.php\/wp-json\/wp\/v2\/tags?post=1599"},{"taxonomy":"post_folder","embeddable":true,"href":"https:\/\/www.douriez.fr\/index.php\/wp-json\/wp\/v2\/post_folder?post=1599"}],"curies":[{"name":"wp","href":"https:\/\/api.w.org\/{rel}","templated":true}]}}