{"id":1591,"date":"2025-12-23T10:17:34","date_gmt":"2025-12-23T09:17:34","guid":{"rendered":"https:\/\/www.douriez.fr\/?p=1591"},"modified":"2025-12-31T10:18:15","modified_gmt":"2025-12-31T09:18:15","slug":"fermeture-de-la-mairie","status":"publish","type":"post","link":"https:\/\/www.douriez.fr\/index.php\/2025\/12\/23\/fermeture-de-la-mairie\/","title":{"rendered":"Fermeture de la mairie"},"content":{"rendered":"\n<p>La mairie est ferm\u00e9e pour cause de cong\u00e9 du 23 d\u00e9cembre 2025 au 5 janvier 2026. R\u00e9ouverture le mardi 6 janvier 2026.<\/p>\n\n\n\n<p>Excellentes f\u00eates de fin <a><\/a>d&rsquo;ann\u00e9e \u00e0 toutes et tous.<\/p>\n","protected":false},"excerpt":{"rendered":"<p>La mairie est ferm\u00e9e pour cause de cong\u00e9 du 23 d\u00e9cembre 2025 au 5 janvier 2026. R\u00e9ouverture le mardi 6 janvier 2026. Excellentes f\u00eates de fin d&rsquo;ann\u00e9e \u00e0 toutes et tous.<\/p>\n","protected":false},"author":1,"featured_media":1592,"comment_status":"closed","ping_status":"closed","sticky":false,"template":"","format":"standard","meta":{"_et_pb_use_builder":"off","_et_pb_old_content":"","_et_gb_content_width":"","footnotes":""},"categories":[1],"tags":[],"post_folder":[],"class_list":["post-1591","post","type-post","status-publish","format-standard","has-post-thumbnail","hentry","category-non-classe"],"_links":{"self":[{"href":"https:\/\/www.douriez.fr\/index.php\/wp-json\/wp\/v2\/posts\/1591","targetHints":{"allow":["GET"]}}],"collection":[{"href":"https:\/\/www.douriez.fr\/index.php\/wp-json\/wp\/v2\/posts"}],"about":[{"href":"https:\/\/www.douriez.fr\/index.php\/wp-json\/wp\/v2\/types\/post"}],"author":[{"embeddable":true,"href":"https:\/\/www.douriez.fr\/index.php\/wp-json\/wp\/v2\/users\/1"}],"replies":[{"embeddable":true,"href":"https:\/\/www.douriez.fr\/index.php\/wp-json\/wp\/v2\/comments?post=1591"}],"version-history":[{"count":1,"href":"https:\/\/www.douriez.fr\/index.php\/wp-json\/wp\/v2\/posts\/1591\/revisions"}],"predecessor-version":[{"id":1593,"href":"https:\/\/www.douriez.fr\/index.php\/wp-json\/wp\/v2\/posts\/1591\/revisions\/1593"}],"wp:featuredmedia":[{"embeddable":true,"href":"https:\/\/www.douriez.fr\/index.php\/wp-json\/wp\/v2\/media\/1592"}],"wp:attachment":[{"href":"https:\/\/www.douriez.fr\/index.php\/wp-json\/wp\/v2\/media?parent=1591"}],"wp:term":[{"taxonomy":"category","embeddable":true,"href":"https:\/\/www.douriez.fr\/index.php\/wp-json\/wp\/v2\/categories?post=1591"},{"taxonomy":"post_tag","embeddable":true,"href":"https:\/\/www.douriez.fr\/index.php\/wp-json\/wp\/v2\/tags?post=1591"},{"taxonomy":"post_folder","embeddable":true,"href":"https:\/\/www.douriez.fr\/index.php\/wp-json\/wp\/v2\/post_folder?post=1591"}],"curies":[{"name":"wp","href":"https:\/\/api.w.org\/{rel}","templated":true}]}}