{"id":1582,"date":"2025-12-15T13:05:43","date_gmt":"2025-12-15T12:05:43","guid":{"rendered":"https:\/\/www.douriez.fr\/?p=1582"},"modified":"2025-12-23T13:08:47","modified_gmt":"2025-12-23T12:08:47","slug":"rencontre-du-cercle-picard","status":"publish","type":"post","link":"https:\/\/www.douriez.fr\/index.php\/2025\/12\/15\/rencontre-du-cercle-picard\/","title":{"rendered":"Rencontre du Cercle Picard"},"content":{"rendered":"\n<p>C&rsquo;est avec une assembl\u00e9e grandissante que s&rsquo;est tenue la s\u00e9ance du Cercle Picard \u00e0 Douriez samedi dernier. M. Didier GAYANT a su une nouvelle <a><\/a>fois raviver les souvenirs et la m\u00e9moire de cette langue de nos origines locales.<\/p>\n\n\n\n<p>Des \u00e9changes, des lectures, du vocabulaire autour du th\u00e8me du temps&#8230;une rencontre qui a suscit\u00e9 l&rsquo;enthousiasme des participants, nombreux et parfois venus de loin.<\/p>\n\n\n\n<p>Merci \u00e0 tous.<\/p>\n\n\n\n<figure class=\"wp-block-gallery has-nested-images columns-default is-cropped wp-block-gallery-1 is-layout-flex wp-block-gallery-is-layout-flex\">\n<figure class=\"wp-block-image size-large\"><img loading=\"lazy\" decoding=\"async\" width=\"1024\" height=\"768\" data-id=\"1587\" src=\"https:\/\/www.douriez.fr\/wp-content\/uploads\/2025\/12\/598873086_1359155036251637_5225792453914462224_n-1024x768.jpg\" alt=\"\" class=\"wp-image-1587\" srcset=\"https:\/\/www.douriez.fr\/wp-content\/uploads\/2025\/12\/598873086_1359155036251637_5225792453914462224_n-980x735.jpg 980w, https:\/\/www.douriez.fr\/wp-content\/uploads\/2025\/12\/598873086_1359155036251637_5225792453914462224_n-480x360.jpg 480w\" sizes=\"(min-width: 0px) and (max-width: 480px) 480px, (min-width: 481px) and (max-width: 980px) 980px, (min-width: 981px) 1024px, 100vw\" \/><\/figure>\n\n\n\n<figure class=\"wp-block-image size-large\"><img loading=\"lazy\" decoding=\"async\" width=\"1024\" height=\"768\" data-id=\"1586\" src=\"https:\/\/www.douriez.fr\/wp-content\/uploads\/2025\/12\/599939760_1359155032918304_660815281548783966_n-1024x768.jpg\" alt=\"\" class=\"wp-image-1586\" srcset=\"https:\/\/www.douriez.fr\/wp-content\/uploads\/2025\/12\/599939760_1359155032918304_660815281548783966_n-980x735.jpg 980w, https:\/\/www.douriez.fr\/wp-content\/uploads\/2025\/12\/599939760_1359155032918304_660815281548783966_n-480x360.jpg 480w\" sizes=\"(min-width: 0px) and (max-width: 480px) 480px, (min-width: 481px) and (max-width: 980px) 980px, (min-width: 981px) 1024px, 100vw\" \/><\/figure>\n\n\n\n<figure class=\"wp-block-image size-large\"><img loading=\"lazy\" decoding=\"async\" width=\"768\" height=\"1024\" data-id=\"1585\" src=\"https:\/\/www.douriez.fr\/wp-content\/uploads\/2025\/12\/597928230_1359155029584971_6951355582594512116_n-768x1024.jpg\" alt=\"\" class=\"wp-image-1585\"\/><\/figure>\n\n\n\n<figure class=\"wp-block-image size-large\"><img loading=\"lazy\" decoding=\"async\" width=\"1024\" height=\"768\" data-id=\"1584\" src=\"https:\/\/www.douriez.fr\/wp-content\/uploads\/2025\/12\/597813572_1359155109584963_4859821812435509244_n-1024x768.jpg\" alt=\"\" class=\"wp-image-1584\" srcset=\"https:\/\/www.douriez.fr\/wp-content\/uploads\/2025\/12\/597813572_1359155109584963_4859821812435509244_n-980x735.jpg 980w, https:\/\/www.douriez.fr\/wp-content\/uploads\/2025\/12\/597813572_1359155109584963_4859821812435509244_n-480x360.jpg 480w\" sizes=\"(min-width: 0px) and (max-width: 480px) 480px, (min-width: 481px) and (max-width: 980px) 980px, (min-width: 981px) 1024px, 100vw\" \/><\/figure>\n\n\n\n<figure class=\"wp-block-image size-large\"><img loading=\"lazy\" decoding=\"async\" width=\"768\" height=\"1024\" data-id=\"1583\" src=\"https:\/\/www.douriez.fr\/wp-content\/uploads\/2025\/12\/599815242_1359155112918296_2903709916796012141_n-768x1024.jpg\" alt=\"\" class=\"wp-image-1583\"\/><\/figure>\n<\/figure>\n","protected":false},"excerpt":{"rendered":"<p>C&rsquo;est avec une assembl\u00e9e grandissante que s&rsquo;est tenue la s\u00e9ance du Cercle Picard \u00e0 Douriez samedi dernier. M. Didier GAYANT a su une nouvelle fois raviver les souvenirs et la m\u00e9moire de cette langue de nos origines locales. Des \u00e9changes, des lectures, du vocabulaire autour du th\u00e8me du temps&#8230;une rencontre qui a suscit\u00e9 l&rsquo;enthousiasme des [&hellip;]<\/p>\n","protected":false},"author":1,"featured_media":1584,"comment_status":"closed","ping_status":"closed","sticky":false,"template":"","format":"standard","meta":{"_et_pb_use_builder":"off","_et_pb_old_content":"","_et_gb_content_width":"","footnotes":""},"categories":[1],"tags":[],"post_folder":[],"class_list":["post-1582","post","type-post","status-publish","format-standard","has-post-thumbnail","hentry","category-non-classe"],"_links":{"self":[{"href":"https:\/\/www.douriez.fr\/index.php\/wp-json\/wp\/v2\/posts\/1582","targetHints":{"allow":["GET"]}}],"collection":[{"href":"https:\/\/www.douriez.fr\/index.php\/wp-json\/wp\/v2\/posts"}],"about":[{"href":"https:\/\/www.douriez.fr\/index.php\/wp-json\/wp\/v2\/types\/post"}],"author":[{"embeddable":true,"href":"https:\/\/www.douriez.fr\/index.php\/wp-json\/wp\/v2\/users\/1"}],"replies":[{"embeddable":true,"href":"https:\/\/www.douriez.fr\/index.php\/wp-json\/wp\/v2\/comments?post=1582"}],"version-history":[{"count":1,"href":"https:\/\/www.douriez.fr\/index.php\/wp-json\/wp\/v2\/posts\/1582\/revisions"}],"predecessor-version":[{"id":1588,"href":"https:\/\/www.douriez.fr\/index.php\/wp-json\/wp\/v2\/posts\/1582\/revisions\/1588"}],"wp:featuredmedia":[{"embeddable":true,"href":"https:\/\/www.douriez.fr\/index.php\/wp-json\/wp\/v2\/media\/1584"}],"wp:attachment":[{"href":"https:\/\/www.douriez.fr\/index.php\/wp-json\/wp\/v2\/media?parent=1582"}],"wp:term":[{"taxonomy":"category","embeddable":true,"href":"https:\/\/www.douriez.fr\/index.php\/wp-json\/wp\/v2\/categories?post=1582"},{"taxonomy":"post_tag","embeddable":true,"href":"https:\/\/www.douriez.fr\/index.php\/wp-json\/wp\/v2\/tags?post=1582"},{"taxonomy":"post_folder","embeddable":true,"href":"https:\/\/www.douriez.fr\/index.php\/wp-json\/wp\/v2\/post_folder?post=1582"}],"curies":[{"name":"wp","href":"https:\/\/api.w.org\/{rel}","templated":true}]}}