{"id":1486,"date":"2025-09-05T09:19:47","date_gmt":"2025-09-05T07:19:47","guid":{"rendered":"https:\/\/www.douriez.fr\/?p=1486"},"modified":"2025-09-14T09:24:30","modified_gmt":"2025-09-14T07:24:30","slug":"jardins-en-scene-atelier-bricolarts","status":"publish","type":"post","link":"https:\/\/www.douriez.fr\/index.php\/2025\/09\/05\/jardins-en-scene-atelier-bricolarts\/","title":{"rendered":"Jardins en sc\u00e8ne &#8211; Atelier Bricol&rsquo;arts"},"content":{"rendered":"\n<p><strong>Par La Pluie d&rsquo;Oiseaux avec la commune de Douriez<\/strong><\/p>\n\n\n\n<p>Men\u00e9 pour les habitants de Douriez, cet atelier offrira des moments d&rsquo;\u00e9change, de r\u00e9flexion, d&rsquo;exp\u00e9rimentation, d&rsquo;observation, d&rsquo;assemblage, de bricolage et de croisement de techniques laissant s&rsquo;\u00e9panouir l&rsquo;imagination.<\/p>\n\n\n\n<p>Avec l&rsquo;aide des habitants de Douriez, deux artistes, \u00c9dith Henry et Rom\u00e9o De Freitas Carneiro, proposent de collecter des mat\u00e9riaux et objets (vieux jouets, morceaux de meubles, branches, plantes&#8230;.) pour les transformer, les associer, les compl\u00e9ter, les peindre&#8230; et en faire des \u00ab installations plastiques \u00bb (des assemblages artistiques), qui prendront place les 20 et 21 septembre autour de la Coll\u00e9giale, au Courtil des Pics verts, ou ponctuerons le trajet de l&rsquo;un \u00e0 lautre.<\/p>\n\n\n\n<p>Ils voient les choses en grand mais aussi en subtils d\u00e9tails et, avec vous, s&rsquo;en donneront \u00e0 c\u0153ur joie pour concocter des \u0153uvres qui donnent \u00e0 voir, \u00e0 entendre, \u00e0 toucher, \u00e0 respirer&#8230;!!!<\/p>\n\n\n\n<p>C&rsquo;est un atelier ouvert o\u00f9 chacun peut venir s&rsquo;investir activement o\u00f9 bien choisir de juste venir voir, et, si l&rsquo;envie survient, de participer. Le lieu, jours et les horaires seront d\u00e9finis pour que le plus possible de participants puissent venir : faites nous votre retour pour le 6 septembre : contactez Didier Gayant : 06 40 13 27 18<\/p>\n","protected":false},"excerpt":{"rendered":"<p>Par La Pluie d&rsquo;Oiseaux avec la commune de Douriez Men\u00e9 pour les habitants de Douriez, cet atelier offrira des moments d&rsquo;\u00e9change, de r\u00e9flexion, d&rsquo;exp\u00e9rimentation, d&rsquo;observation, d&rsquo;assemblage, de bricolage et de croisement de techniques laissant s&rsquo;\u00e9panouir l&rsquo;imagination. Avec l&rsquo;aide des habitants de Douriez, deux artistes, \u00c9dith Henry et Rom\u00e9o De Freitas Carneiro, proposent de collecter des [&hellip;]<\/p>\n","protected":false},"author":1,"featured_media":1488,"comment_status":"closed","ping_status":"closed","sticky":false,"template":"","format":"standard","meta":{"_et_pb_use_builder":"off","_et_pb_old_content":"","_et_gb_content_width":"","footnotes":""},"categories":[1],"tags":[],"post_folder":[],"class_list":["post-1486","post","type-post","status-publish","format-standard","has-post-thumbnail","hentry","category-non-classe"],"_links":{"self":[{"href":"https:\/\/www.douriez.fr\/index.php\/wp-json\/wp\/v2\/posts\/1486","targetHints":{"allow":["GET"]}}],"collection":[{"href":"https:\/\/www.douriez.fr\/index.php\/wp-json\/wp\/v2\/posts"}],"about":[{"href":"https:\/\/www.douriez.fr\/index.php\/wp-json\/wp\/v2\/types\/post"}],"author":[{"embeddable":true,"href":"https:\/\/www.douriez.fr\/index.php\/wp-json\/wp\/v2\/users\/1"}],"replies":[{"embeddable":true,"href":"https:\/\/www.douriez.fr\/index.php\/wp-json\/wp\/v2\/comments?post=1486"}],"version-history":[{"count":1,"href":"https:\/\/www.douriez.fr\/index.php\/wp-json\/wp\/v2\/posts\/1486\/revisions"}],"predecessor-version":[{"id":1489,"href":"https:\/\/www.douriez.fr\/index.php\/wp-json\/wp\/v2\/posts\/1486\/revisions\/1489"}],"wp:featuredmedia":[{"embeddable":true,"href":"https:\/\/www.douriez.fr\/index.php\/wp-json\/wp\/v2\/media\/1488"}],"wp:attachment":[{"href":"https:\/\/www.douriez.fr\/index.php\/wp-json\/wp\/v2\/media?parent=1486"}],"wp:term":[{"taxonomy":"category","embeddable":true,"href":"https:\/\/www.douriez.fr\/index.php\/wp-json\/wp\/v2\/categories?post=1486"},{"taxonomy":"post_tag","embeddable":true,"href":"https:\/\/www.douriez.fr\/index.php\/wp-json\/wp\/v2\/tags?post=1486"},{"taxonomy":"post_folder","embeddable":true,"href":"https:\/\/www.douriez.fr\/index.php\/wp-json\/wp\/v2\/post_folder?post=1486"}],"curies":[{"name":"wp","href":"https:\/\/api.w.org\/{rel}","templated":true}]}}