{"id":1482,"date":"2025-09-08T09:16:28","date_gmt":"2025-09-08T07:16:28","guid":{"rendered":"https:\/\/www.douriez.fr\/?p=1482"},"modified":"2025-09-14T09:25:49","modified_gmt":"2025-09-14T07:25:49","slug":"repas-des-aines-2","status":"publish","type":"post","link":"https:\/\/www.douriez.fr\/index.php\/2025\/09\/08\/repas-des-aines-2\/","title":{"rendered":"Repas des a\u00een\u00e9s"},"content":{"rendered":"\n<p>Comme de coutume, le repas gratuit offert par la commune \u00e0 ses a\u00een\u00e9s est un rendez-vous tr\u00e8s attendu ! La municipalit\u00e9 de DOURIEZ donne ainsi \u00e0 ses seniors l\u2019occasion <a><\/a>de partager des moments d\u2019\u00e9changes et de convivialit\u00e9, en se r\u00e9unissant autour d\u2019un bon repas.<\/p>\n\n\n\n<p>Peuvent y participer les personnes \u00e2g\u00e9es de 65 ans et plus. Les conjointes ou conjoints (voir un accompagnant pour les personnes \u00e0 mobilit\u00e9 r\u00e9duite) sont \u00e9galement invit\u00e9s \u00e0 ce repas sans condition d\u2019\u00e2ge.<\/p>\n\n\n\n<p>Le repas des ain\u00e9s aura lieu le mercredi 8 octobre \u00e0 12h00 \u00e0 l&rsquo;Estaminet de l&rsquo;Andouiller, privatis\u00e9e pour cette occasion.<\/p>\n\n\n\n<p>Surveillez votre boite \u00e0 lettre, le bulletin d&rsquo;inscription sera prochainement distribu\u00e9 aux a\u00een\u00e9s concern\u00e9s. Le bulletin sera \u00e0 remettre en mairie pour le 22 septembre en y indiquant votre participation et le choix de votre menu.<\/p>\n\n\n\n<figure class=\"wp-block-image size-large\"><img loading=\"lazy\" decoding=\"async\" width=\"725\" height=\"1024\" src=\"https:\/\/www.douriez.fr\/wp-content\/uploads\/2025\/09\/invitation-repas-725x1024.jpg\" alt=\"\" class=\"wp-image-1483\"\/><\/figure>\n\n\n\n<figure class=\"wp-block-image size-large\"><img loading=\"lazy\" decoding=\"async\" width=\"725\" height=\"1024\" src=\"https:\/\/www.douriez.fr\/wp-content\/uploads\/2025\/09\/menu-repas-725x1024.jpg\" alt=\"\" class=\"wp-image-1484\"\/><\/figure>\n","protected":false},"excerpt":{"rendered":"<p>Comme de coutume, le repas gratuit offert par la commune \u00e0 ses a\u00een\u00e9s est un rendez-vous tr\u00e8s attendu ! La municipalit\u00e9 de DOURIEZ donne ainsi \u00e0 ses seniors l\u2019occasion de partager des moments d\u2019\u00e9changes et de convivialit\u00e9, en se r\u00e9unissant autour d\u2019un bon repas. Peuvent y participer les personnes \u00e2g\u00e9es de 65 ans et plus. [&hellip;]<\/p>\n","protected":false},"author":1,"featured_media":1490,"comment_status":"closed","ping_status":"closed","sticky":false,"template":"","format":"standard","meta":{"_et_pb_use_builder":"off","_et_pb_old_content":"","_et_gb_content_width":"","footnotes":""},"categories":[1],"tags":[],"post_folder":[],"class_list":["post-1482","post","type-post","status-publish","format-standard","has-post-thumbnail","hentry","category-non-classe"],"_links":{"self":[{"href":"https:\/\/www.douriez.fr\/index.php\/wp-json\/wp\/v2\/posts\/1482","targetHints":{"allow":["GET"]}}],"collection":[{"href":"https:\/\/www.douriez.fr\/index.php\/wp-json\/wp\/v2\/posts"}],"about":[{"href":"https:\/\/www.douriez.fr\/index.php\/wp-json\/wp\/v2\/types\/post"}],"author":[{"embeddable":true,"href":"https:\/\/www.douriez.fr\/index.php\/wp-json\/wp\/v2\/users\/1"}],"replies":[{"embeddable":true,"href":"https:\/\/www.douriez.fr\/index.php\/wp-json\/wp\/v2\/comments?post=1482"}],"version-history":[{"count":1,"href":"https:\/\/www.douriez.fr\/index.php\/wp-json\/wp\/v2\/posts\/1482\/revisions"}],"predecessor-version":[{"id":1485,"href":"https:\/\/www.douriez.fr\/index.php\/wp-json\/wp\/v2\/posts\/1482\/revisions\/1485"}],"wp:featuredmedia":[{"embeddable":true,"href":"https:\/\/www.douriez.fr\/index.php\/wp-json\/wp\/v2\/media\/1490"}],"wp:attachment":[{"href":"https:\/\/www.douriez.fr\/index.php\/wp-json\/wp\/v2\/media?parent=1482"}],"wp:term":[{"taxonomy":"category","embeddable":true,"href":"https:\/\/www.douriez.fr\/index.php\/wp-json\/wp\/v2\/categories?post=1482"},{"taxonomy":"post_tag","embeddable":true,"href":"https:\/\/www.douriez.fr\/index.php\/wp-json\/wp\/v2\/tags?post=1482"},{"taxonomy":"post_folder","embeddable":true,"href":"https:\/\/www.douriez.fr\/index.php\/wp-json\/wp\/v2\/post_folder?post=1482"}],"curies":[{"name":"wp","href":"https:\/\/api.w.org\/{rel}","templated":true}]}}