{"id":1453,"date":"2025-07-28T10:41:56","date_gmt":"2025-07-28T08:41:56","guid":{"rendered":"https:\/\/www.douriez.fr\/?p=1453"},"modified":"2025-08-03T10:49:05","modified_gmt":"2025-08-03T08:49:05","slug":"peintres-dans-la-rue","status":"publish","type":"post","link":"https:\/\/www.douriez.fr\/index.php\/2025\/07\/28\/peintres-dans-la-rue\/","title":{"rendered":"Peintres dans la rue"},"content":{"rendered":"\n<p>Dimanche, d\u00e8s 8h30, les premiers artistes motiv\u00e9s ont \u00e9t\u00e9 accueillis pour la 1\u00e8re Edition des Peintres dans la Rue \u00e0 Douriez.<\/p>\n\n\n\n<p><a><\/a>Un caf\u00e9, une viennoiserie, un cachet et un num\u00e9ro d&rsquo;inscription au dos de la toile, et c&rsquo;\u00e9tait parti pour le choix strat\u00e9gique d&#8217;emplacement pour la meilleure \u0153uvre \u00e0 venir sur le th\u00e8me du patrimoine de Douriez.<\/p>\n\n\n\n<p>Peinture \u00e0 l&rsquo;huile, acrylique, aquarelle, illustration, dessin \u00e0 l&rsquo;encre&#8230;chacun son style mais tous les 11 participants nous ont fait le plaisir de pouvoir les observer en pleine cr\u00e9ation artistique dans le centre de notre village. De belles rencontres \u00e9taient au programme.<\/p>\n\n\n\n<p>La Coll\u00e9giale, une partie de l&rsquo;ancien Presbyt\u00e8re, la plus ancienne maison, l&rsquo;Estaminet de l&rsquo;Andouiller, le porche du Ch\u00e2teau&#8230;ont \u00e9t\u00e9 sources d&rsquo;inspiration et nous ont laiss\u00e9 des \u0153uvres dont le travail en quelques heures nous a stup\u00e9faits.<\/p>\n\n\n\n<p>Le ciel, avec sa grisaille, \u00e9tait jaloux de l&rsquo;invasion des couleurs dans les rues de Douriez et a bien tent\u00e9 d&rsquo;interrompre temporairement les activit\u00e9s. Il n&rsquo;a pourtant pas r\u00e9ussi \u00e0 d\u00e9courager nos valeureux peintres.<\/p>\n\n\n\n<p>A 16h30, toutes les \u0153uvres \u00e9taient pr\u00eates sous le chapiteau pour les membres du jury, que nous remercions pour leur implication, mais aussi pour le public qui a pu voter pour sa pr\u00e9f\u00e9r\u00e9e. Le choix a \u00e9t\u00e9 tr\u00e8s difficile et les r\u00e9sultats tr\u00e8s serr\u00e9s.<\/p>\n\n\n\n<p>La journ\u00e9e s&rsquo;est cl\u00f4tur\u00e9e par un verre de l&rsquo;amiti\u00e9.<\/p>\n\n\n\n<p>Cette 1\u00e8re Edition a rencontr\u00e9 un beau succ\u00e8s, tant par la diversit\u00e9 et l&rsquo;enthousiasme des participants, que par le r\u00e9sultat des \u0153uvres abouties tous niveaux confondus.<\/p>\n\n\n\n<p>Le public aussi, bien que tristement sous-repr\u00e9sent\u00e9 par les r\u00e9sidents permanents de Douriez, \u00e9tait au rendez-vous. Merci aux personnes venues nombreuses et aux bonnes volont\u00e9s qui n&rsquo;h\u00e9sitent pas \u00e0 nous donner un coup de main de mani\u00e8re spontan\u00e9e.<\/p>\n\n\n\n<p>Encore bravo \u00e0 tous les participants et \u00e0 bient\u00f4t pour la 2\u00e8me Edition.<\/p>\n\n\n\n<iframe loading=\"lazy\" src=\"https:\/\/www.facebook.com\/plugins\/post.php?href=https%3A%2F%2Fwww.facebook.com%2Fpermalink.php%3Fstory_fbid%3D1234017722098703%26id%3D100064714597463&#038;show_text=true&#038;width=500\" width=\"500\" height=\"690\" style=\"border:none;overflow:hidden\" scrolling=\"no\" frameborder=\"0\" allowfullscreen=\"true\" allow=\"autoplay; clipboard-write; encrypted-media; picture-in-picture; web-share\"><\/iframe>\n","protected":false},"excerpt":{"rendered":"<p>Dimanche, d\u00e8s 8h30, les premiers artistes motiv\u00e9s ont \u00e9t\u00e9 accueillis pour la 1\u00e8re Edition des Peintres dans la Rue \u00e0 Douriez. Un caf\u00e9, une viennoiserie, un cachet et un num\u00e9ro d&rsquo;inscription au dos de la toile, et c&rsquo;\u00e9tait parti pour le choix strat\u00e9gique d&#8217;emplacement pour la meilleure \u0153uvre \u00e0 venir sur le th\u00e8me du patrimoine [&hellip;]<\/p>\n","protected":false},"author":1,"featured_media":1454,"comment_status":"closed","ping_status":"closed","sticky":false,"template":"","format":"standard","meta":{"_et_pb_use_builder":"off","_et_pb_old_content":"","_et_gb_content_width":"","footnotes":""},"categories":[1],"tags":[],"post_folder":[],"class_list":["post-1453","post","type-post","status-publish","format-standard","has-post-thumbnail","hentry","category-non-classe"],"_links":{"self":[{"href":"https:\/\/www.douriez.fr\/index.php\/wp-json\/wp\/v2\/posts\/1453","targetHints":{"allow":["GET"]}}],"collection":[{"href":"https:\/\/www.douriez.fr\/index.php\/wp-json\/wp\/v2\/posts"}],"about":[{"href":"https:\/\/www.douriez.fr\/index.php\/wp-json\/wp\/v2\/types\/post"}],"author":[{"embeddable":true,"href":"https:\/\/www.douriez.fr\/index.php\/wp-json\/wp\/v2\/users\/1"}],"replies":[{"embeddable":true,"href":"https:\/\/www.douriez.fr\/index.php\/wp-json\/wp\/v2\/comments?post=1453"}],"version-history":[{"count":1,"href":"https:\/\/www.douriez.fr\/index.php\/wp-json\/wp\/v2\/posts\/1453\/revisions"}],"predecessor-version":[{"id":1455,"href":"https:\/\/www.douriez.fr\/index.php\/wp-json\/wp\/v2\/posts\/1453\/revisions\/1455"}],"wp:featuredmedia":[{"embeddable":true,"href":"https:\/\/www.douriez.fr\/index.php\/wp-json\/wp\/v2\/media\/1454"}],"wp:attachment":[{"href":"https:\/\/www.douriez.fr\/index.php\/wp-json\/wp\/v2\/media?parent=1453"}],"wp:term":[{"taxonomy":"category","embeddable":true,"href":"https:\/\/www.douriez.fr\/index.php\/wp-json\/wp\/v2\/categories?post=1453"},{"taxonomy":"post_tag","embeddable":true,"href":"https:\/\/www.douriez.fr\/index.php\/wp-json\/wp\/v2\/tags?post=1453"},{"taxonomy":"post_folder","embeddable":true,"href":"https:\/\/www.douriez.fr\/index.php\/wp-json\/wp\/v2\/post_folder?post=1453"}],"curies":[{"name":"wp","href":"https:\/\/api.w.org\/{rel}","templated":true}]}}