{"id":1448,"date":"2025-07-15T17:31:52","date_gmt":"2025-07-15T15:31:52","guid":{"rendered":"https:\/\/www.douriez.fr\/?p=1448"},"modified":"2025-07-20T17:34:31","modified_gmt":"2025-07-20T15:34:31","slug":"14-juillet-2025","status":"publish","type":"post","link":"https:\/\/www.douriez.fr\/index.php\/2025\/07\/15\/14-juillet-2025\/","title":{"rendered":"14 juillet 2025"},"content":{"rendered":"\n<p>Le 14 juillet, jour de la f\u00eate Nationale Fran\u00e7aise est bien plus qu&rsquo;une simple date sur le calendrier. Il commence par la prise de la Bastille en 1789, marquant le <a><\/a>d\u00e9but de la r\u00e9volution Fran\u00e7aise et symbolisant la lutte pour la libert\u00e9 et la fraternit\u00e9.<\/p>\n\n\n\n<p>Le repas s&rsquo;est pass\u00e9 dans la joie et la bonne humeur, l&rsquo;ap\u00e9ritif a permis \u00e0 tout le monde de se mettre dans l&rsquo;ambiance.<\/p>\n\n\n\n<p>Monsieur le Maire et l&rsquo;\u00e9quipe Municipale tiennent \u00e0 remercier les personnes pr\u00e9sentes au repas offert par la Municipalit\u00e9.<\/p>\n\n\n\n<p>Merci pour cette journ\u00e9e et n&rsquo;oublions pas le Comit\u00e9 des F\u00eates pour la vente des boissons, merci \u00e9galement au service rendu par les employ\u00e9s municipaux.<\/p>\n\n\n\n<iframe loading=\"lazy\" src=\"https:\/\/www.facebook.com\/plugins\/post.php?href=https%3A%2F%2Fwww.facebook.com%2Fpermalink.php%3Fstory_fbid%3D1225197379647404%26id%3D100064714597463&#038;show_text=true&#038;width=500\" width=\"500\" height=\"838\" style=\"border:none;overflow:hidden\" scrolling=\"no\" frameborder=\"0\" allowfullscreen=\"true\" allow=\"autoplay; clipboard-write; encrypted-media; picture-in-picture; web-share\"><\/iframe>\n","protected":false},"excerpt":{"rendered":"<p>Le 14 juillet, jour de la f\u00eate Nationale Fran\u00e7aise est bien plus qu&rsquo;une simple date sur le calendrier. Il commence par la prise de la Bastille en 1789, marquant le d\u00e9but de la r\u00e9volution Fran\u00e7aise et symbolisant la lutte pour la libert\u00e9 et la fraternit\u00e9. Le repas s&rsquo;est pass\u00e9 dans la joie et la bonne [&hellip;]<\/p>\n","protected":false},"author":1,"featured_media":1449,"comment_status":"closed","ping_status":"closed","sticky":false,"template":"","format":"standard","meta":{"_et_pb_use_builder":"off","_et_pb_old_content":"","_et_gb_content_width":"","footnotes":""},"categories":[1],"tags":[],"post_folder":[],"class_list":["post-1448","post","type-post","status-publish","format-standard","has-post-thumbnail","hentry","category-non-classe"],"_links":{"self":[{"href":"https:\/\/www.douriez.fr\/index.php\/wp-json\/wp\/v2\/posts\/1448","targetHints":{"allow":["GET"]}}],"collection":[{"href":"https:\/\/www.douriez.fr\/index.php\/wp-json\/wp\/v2\/posts"}],"about":[{"href":"https:\/\/www.douriez.fr\/index.php\/wp-json\/wp\/v2\/types\/post"}],"author":[{"embeddable":true,"href":"https:\/\/www.douriez.fr\/index.php\/wp-json\/wp\/v2\/users\/1"}],"replies":[{"embeddable":true,"href":"https:\/\/www.douriez.fr\/index.php\/wp-json\/wp\/v2\/comments?post=1448"}],"version-history":[{"count":1,"href":"https:\/\/www.douriez.fr\/index.php\/wp-json\/wp\/v2\/posts\/1448\/revisions"}],"predecessor-version":[{"id":1450,"href":"https:\/\/www.douriez.fr\/index.php\/wp-json\/wp\/v2\/posts\/1448\/revisions\/1450"}],"wp:featuredmedia":[{"embeddable":true,"href":"https:\/\/www.douriez.fr\/index.php\/wp-json\/wp\/v2\/media\/1449"}],"wp:attachment":[{"href":"https:\/\/www.douriez.fr\/index.php\/wp-json\/wp\/v2\/media?parent=1448"}],"wp:term":[{"taxonomy":"category","embeddable":true,"href":"https:\/\/www.douriez.fr\/index.php\/wp-json\/wp\/v2\/categories?post=1448"},{"taxonomy":"post_tag","embeddable":true,"href":"https:\/\/www.douriez.fr\/index.php\/wp-json\/wp\/v2\/tags?post=1448"},{"taxonomy":"post_folder","embeddable":true,"href":"https:\/\/www.douriez.fr\/index.php\/wp-json\/wp\/v2\/post_folder?post=1448"}],"curies":[{"name":"wp","href":"https:\/\/api.w.org\/{rel}","templated":true}]}}