{"id":1445,"date":"2025-07-17T17:30:44","date_gmt":"2025-07-17T15:30:44","guid":{"rendered":"https:\/\/www.douriez.fr\/?p=1445"},"modified":"2025-07-20T17:31:22","modified_gmt":"2025-07-20T15:31:22","slug":"concert-baroque","status":"publish","type":"post","link":"https:\/\/www.douriez.fr\/index.php\/2025\/07\/17\/concert-baroque\/","title":{"rendered":"Concert baroque"},"content":{"rendered":"\n<p>Quand des habitants de la commune ont du talent et, de plus, la gentillesse de le rendre accessible, le spectacle est assur\u00e9.<\/p>\n\n\n\n<p>En effet, M. Sergio LADU, baryton, a <a><\/a>spontan\u00e9ment accept\u00e9 la proposition de M. le Maire d&rsquo;organiser un concert baroque \u00e0 Douriez.<\/p>\n\n\n\n<p>Sa voix a laiss\u00e9, samedi dernier dans la Coll\u00e9giale, les spectateurs b\u00e9ats !<\/p>\n\n\n\n<p>Il \u00e9tait accompagn\u00e9 de M. Iakovos PAPPAS, claveciniste, tout aussi talentueux et agr\u00e9able.<\/p>\n\n\n\n<p>D\u00e9j\u00e0 amateurs ou venus pour d\u00e9couvrir, les spectateurs sont tous repartis avec le sourire et la satisfaction d&rsquo;avoir pass\u00e9 un moment d&rsquo;une qualit\u00e9 exceptionnelle.<\/p>\n\n\n\n<p>Merci aux spectateurs d&rsquo;\u00eatre venus, de Douriez mais aussi nombreux de l&rsquo;ext\u00e9rieur, les \u00e9couter et les applaudir avec enthousiasme.<\/p>\n\n\n\n<p>Merci \u00e0 nos deux grands artistes pour la d\u00e9couverte et le niveau de ce concert baroque.<\/p>\n\n\n\n<iframe loading=\"lazy\" src=\"https:\/\/www.facebook.com\/plugins\/post.php?href=https%3A%2F%2Fwww.facebook.com%2Fpermalink.php%3Fstory_fbid%3D1222703983230077%26id%3D100064714597463&#038;show_text=true&#038;width=500\" width=\"500\" height=\"698\" style=\"border:none;overflow:hidden\" scrolling=\"no\" frameborder=\"0\" allowfullscreen=\"true\" allow=\"autoplay; clipboard-write; encrypted-media; picture-in-picture; web-share\"><\/iframe>\n","protected":false},"excerpt":{"rendered":"<p>Quand des habitants de la commune ont du talent et, de plus, la gentillesse de le rendre accessible, le spectacle est assur\u00e9. En effet, M. Sergio LADU, baryton, a spontan\u00e9ment accept\u00e9 la proposition de M. le Maire d&rsquo;organiser un concert baroque \u00e0 Douriez. Sa voix a laiss\u00e9, samedi dernier dans la Coll\u00e9giale, les spectateurs b\u00e9ats [&hellip;]<\/p>\n","protected":false},"author":1,"featured_media":1446,"comment_status":"closed","ping_status":"closed","sticky":false,"template":"","format":"standard","meta":{"_et_pb_use_builder":"off","_et_pb_old_content":"","_et_gb_content_width":"","footnotes":""},"categories":[1],"tags":[],"post_folder":[],"class_list":["post-1445","post","type-post","status-publish","format-standard","has-post-thumbnail","hentry","category-non-classe"],"_links":{"self":[{"href":"https:\/\/www.douriez.fr\/index.php\/wp-json\/wp\/v2\/posts\/1445","targetHints":{"allow":["GET"]}}],"collection":[{"href":"https:\/\/www.douriez.fr\/index.php\/wp-json\/wp\/v2\/posts"}],"about":[{"href":"https:\/\/www.douriez.fr\/index.php\/wp-json\/wp\/v2\/types\/post"}],"author":[{"embeddable":true,"href":"https:\/\/www.douriez.fr\/index.php\/wp-json\/wp\/v2\/users\/1"}],"replies":[{"embeddable":true,"href":"https:\/\/www.douriez.fr\/index.php\/wp-json\/wp\/v2\/comments?post=1445"}],"version-history":[{"count":1,"href":"https:\/\/www.douriez.fr\/index.php\/wp-json\/wp\/v2\/posts\/1445\/revisions"}],"predecessor-version":[{"id":1447,"href":"https:\/\/www.douriez.fr\/index.php\/wp-json\/wp\/v2\/posts\/1445\/revisions\/1447"}],"wp:featuredmedia":[{"embeddable":true,"href":"https:\/\/www.douriez.fr\/index.php\/wp-json\/wp\/v2\/media\/1446"}],"wp:attachment":[{"href":"https:\/\/www.douriez.fr\/index.php\/wp-json\/wp\/v2\/media?parent=1445"}],"wp:term":[{"taxonomy":"category","embeddable":true,"href":"https:\/\/www.douriez.fr\/index.php\/wp-json\/wp\/v2\/categories?post=1445"},{"taxonomy":"post_tag","embeddable":true,"href":"https:\/\/www.douriez.fr\/index.php\/wp-json\/wp\/v2\/tags?post=1445"},{"taxonomy":"post_folder","embeddable":true,"href":"https:\/\/www.douriez.fr\/index.php\/wp-json\/wp\/v2\/post_folder?post=1445"}],"curies":[{"name":"wp","href":"https:\/\/api.w.org\/{rel}","templated":true}]}}