{"id":1442,"date":"2025-07-15T17:28:41","date_gmt":"2025-07-15T15:28:41","guid":{"rendered":"https:\/\/www.douriez.fr\/?p=1442"},"modified":"2025-07-20T17:30:20","modified_gmt":"2025-07-20T15:30:20","slug":"gym-pause-vacances","status":"publish","type":"post","link":"https:\/\/www.douriez.fr\/index.php\/2025\/07\/15\/gym-pause-vacances\/","title":{"rendered":"Gym : pause vacances"},"content":{"rendered":"\n<p>\u00c0 la salle communale, les activit\u00e9s se succ\u00e8dent quotidiennement. Apr\u00e8s la chorale et le th\u00e9\u00e2tre, le sport s&rsquo;invite, \u00e0 la port\u00e9e de tous, avec les s\u00e9ances de gym <a><\/a>propos\u00e9es par Jo les lundis et vendredis de 18h30 \u00e0 19h30, et les samedis de 10h \u00e0 11h.<\/p>\n\n\n\n<p>Pour la 4\u00e8me ann\u00e9e cons\u00e9cutive, les s\u00e9ances de gym terminent une saison par un moment de partage et de convivialit\u00e9.<\/p>\n\n\n\n<p>L&rsquo;essai est gratuit et sans engagement, \u00e0 retrouver sans h\u00e9sitation \u00e0 partir de septembre.<\/p>\n","protected":false},"excerpt":{"rendered":"<p>\u00c0 la salle communale, les activit\u00e9s se succ\u00e8dent quotidiennement. Apr\u00e8s la chorale et le th\u00e9\u00e2tre, le sport s&rsquo;invite, \u00e0 la port\u00e9e de tous, avec les s\u00e9ances de gym propos\u00e9es par Jo les lundis et vendredis de 18h30 \u00e0 19h30, et les samedis de 10h \u00e0 11h. Pour la 4\u00e8me ann\u00e9e cons\u00e9cutive, les s\u00e9ances de gym [&hellip;]<\/p>\n","protected":false},"author":1,"featured_media":1443,"comment_status":"closed","ping_status":"closed","sticky":false,"template":"","format":"standard","meta":{"_et_pb_use_builder":"off","_et_pb_old_content":"","_et_gb_content_width":"","footnotes":""},"categories":[1],"tags":[],"post_folder":[],"class_list":["post-1442","post","type-post","status-publish","format-standard","has-post-thumbnail","hentry","category-non-classe"],"_links":{"self":[{"href":"https:\/\/www.douriez.fr\/index.php\/wp-json\/wp\/v2\/posts\/1442","targetHints":{"allow":["GET"]}}],"collection":[{"href":"https:\/\/www.douriez.fr\/index.php\/wp-json\/wp\/v2\/posts"}],"about":[{"href":"https:\/\/www.douriez.fr\/index.php\/wp-json\/wp\/v2\/types\/post"}],"author":[{"embeddable":true,"href":"https:\/\/www.douriez.fr\/index.php\/wp-json\/wp\/v2\/users\/1"}],"replies":[{"embeddable":true,"href":"https:\/\/www.douriez.fr\/index.php\/wp-json\/wp\/v2\/comments?post=1442"}],"version-history":[{"count":1,"href":"https:\/\/www.douriez.fr\/index.php\/wp-json\/wp\/v2\/posts\/1442\/revisions"}],"predecessor-version":[{"id":1444,"href":"https:\/\/www.douriez.fr\/index.php\/wp-json\/wp\/v2\/posts\/1442\/revisions\/1444"}],"wp:featuredmedia":[{"embeddable":true,"href":"https:\/\/www.douriez.fr\/index.php\/wp-json\/wp\/v2\/media\/1443"}],"wp:attachment":[{"href":"https:\/\/www.douriez.fr\/index.php\/wp-json\/wp\/v2\/media?parent=1442"}],"wp:term":[{"taxonomy":"category","embeddable":true,"href":"https:\/\/www.douriez.fr\/index.php\/wp-json\/wp\/v2\/categories?post=1442"},{"taxonomy":"post_tag","embeddable":true,"href":"https:\/\/www.douriez.fr\/index.php\/wp-json\/wp\/v2\/tags?post=1442"},{"taxonomy":"post_folder","embeddable":true,"href":"https:\/\/www.douriez.fr\/index.php\/wp-json\/wp\/v2\/post_folder?post=1442"}],"curies":[{"name":"wp","href":"https:\/\/api.w.org\/{rel}","templated":true}]}}