{"id":1432,"date":"2025-06-29T19:38:50","date_gmt":"2025-06-29T17:38:50","guid":{"rendered":"https:\/\/www.douriez.fr\/?p=1432"},"modified":"2025-06-29T19:38:54","modified_gmt":"2025-06-29T17:38:54","slug":"journee-des-peintres-dans-la-rue","status":"publish","type":"post","link":"https:\/\/www.douriez.fr\/index.php\/2025\/06\/29\/journee-des-peintres-dans-la-rue\/","title":{"rendered":"Journ\u00e9e des peintres dans la rue"},"content":{"rendered":"\n<p>Dimanche 27 juillet 2025<\/p>\n\n\n\n<p><a><\/a>Les artistes envahiront le centre du village et la place du Chapitre pour la Journ\u00e9e des Peintres, le dimanche 27 juillet ! De 10h \u00e0 16h30, partez \u00e0 la d\u00e9couverte de leurs \u0153uvres en plein air.<\/p>\n\n\n\n<p>Lors de vos balades, laissez-vous inspirer par les paysages et le patrimoine, immortalis\u00e9s sur toile par des talents locaux . Il y en aura pour tous les go\u00fbts !<\/p>\n\n\n\n<p>\u00c0 partir de 16h30, rendez-vous place du Chapitre devant la mairie pour une exposition regroupant l\u2019ensemble des \u0153uvres r\u00e9alis\u00e9es au cours de la journ\u00e9e. Une opportunit\u00e9 pour rencontrer les artistes, \u00e9changer avec eux et \u00e9ventuellement repartir avec l\u2019une d\u2019entre elles.<\/p>\n\n\n\n<p>Avis aux peintres qui veulent s&rsquo;inscrire \u00e0 cette journ\u00e9e , le bulletin d&rsquo;inscription ci-joint est \u00e9galement disponible en mairie:<\/p>\n\n\n\n<p>douriez.mairie@wanadoo.fr<\/p>\n\n\n\n<p>Egalement disponible aupr\u00e8s de l&rsquo;office de tourisme des 7 vall\u00e9es \u00e0 Hesdin-la-For\u00eat :<\/p>\n\n\n\n<p><a href=\"https:\/\/www.valleesdopale.com\/...\/pra...\/office-de-tourisme\">https:\/\/www.valleesdopale.com\/&#8230;\/pra&#8230;\/office-de-tourisme<\/a><\/p>\n\n\n\n<p>Des places sont encore disponibles<\/p>\n\n\n\n<p>Avis aux amateurs de peinture ou d&rsquo;art de notre village , il reste quelques places \u00e0 pourvoir au sein des membres du jury .N &lsquo;h\u00e9sitez pas \u00e0 candidater .Toutes les candidatures seront appr\u00e9ci\u00e9es.<img loading=\"lazy\" decoding=\"async\" height=\"16\" width=\"16\" alt=\"\ud83c\udfa8\" src=\"https:\/\/static.xx.fbcdn.net\/images\/emoji.php\/v9\/t21\/2\/16\/1f3a8.png\"><\/p>\n","protected":false},"excerpt":{"rendered":"<p>Dimanche 27 juillet 2025 Les artistes envahiront le centre du village et la place du Chapitre pour la Journ\u00e9e des Peintres, le dimanche 27 juillet ! De 10h \u00e0 16h30, partez \u00e0 la d\u00e9couverte de leurs \u0153uvres en plein air. Lors de vos balades, laissez-vous inspirer par les paysages et le patrimoine, immortalis\u00e9s sur toile [&hellip;]<\/p>\n","protected":false},"author":1,"featured_media":1433,"comment_status":"closed","ping_status":"closed","sticky":false,"template":"","format":"standard","meta":{"_et_pb_use_builder":"off","_et_pb_old_content":"","_et_gb_content_width":"","footnotes":""},"categories":[1],"tags":[],"post_folder":[],"class_list":["post-1432","post","type-post","status-publish","format-standard","has-post-thumbnail","hentry","category-non-classe"],"_links":{"self":[{"href":"https:\/\/www.douriez.fr\/index.php\/wp-json\/wp\/v2\/posts\/1432","targetHints":{"allow":["GET"]}}],"collection":[{"href":"https:\/\/www.douriez.fr\/index.php\/wp-json\/wp\/v2\/posts"}],"about":[{"href":"https:\/\/www.douriez.fr\/index.php\/wp-json\/wp\/v2\/types\/post"}],"author":[{"embeddable":true,"href":"https:\/\/www.douriez.fr\/index.php\/wp-json\/wp\/v2\/users\/1"}],"replies":[{"embeddable":true,"href":"https:\/\/www.douriez.fr\/index.php\/wp-json\/wp\/v2\/comments?post=1432"}],"version-history":[{"count":1,"href":"https:\/\/www.douriez.fr\/index.php\/wp-json\/wp\/v2\/posts\/1432\/revisions"}],"predecessor-version":[{"id":1434,"href":"https:\/\/www.douriez.fr\/index.php\/wp-json\/wp\/v2\/posts\/1432\/revisions\/1434"}],"wp:featuredmedia":[{"embeddable":true,"href":"https:\/\/www.douriez.fr\/index.php\/wp-json\/wp\/v2\/media\/1433"}],"wp:attachment":[{"href":"https:\/\/www.douriez.fr\/index.php\/wp-json\/wp\/v2\/media?parent=1432"}],"wp:term":[{"taxonomy":"category","embeddable":true,"href":"https:\/\/www.douriez.fr\/index.php\/wp-json\/wp\/v2\/categories?post=1432"},{"taxonomy":"post_tag","embeddable":true,"href":"https:\/\/www.douriez.fr\/index.php\/wp-json\/wp\/v2\/tags?post=1432"},{"taxonomy":"post_folder","embeddable":true,"href":"https:\/\/www.douriez.fr\/index.php\/wp-json\/wp\/v2\/post_folder?post=1432"}],"curies":[{"name":"wp","href":"https:\/\/api.w.org\/{rel}","templated":true}]}}