{"id":1107,"date":"2024-10-12T10:09:04","date_gmt":"2024-10-12T08:09:04","guid":{"rendered":"https:\/\/www.douriez.fr\/?p=1107"},"modified":"2024-10-27T10:13:42","modified_gmt":"2024-10-27T09:13:42","slug":"repas-des-aines","status":"publish","type":"post","link":"https:\/\/www.douriez.fr\/index.php\/2024\/10\/12\/repas-des-aines\/","title":{"rendered":"Repas des ain\u00e9s"},"content":{"rendered":"\n<p>Par un mercredi d&rsquo;octobre pluvieux, rien de tel que des retrouvailles pour nos a\u00een\u00e9s autour d&rsquo;un bon repas \u00e0 l&rsquo;<a href=\"https:\/\/www.douriez.fr\/index.php\/project\/lestaminet-de-landouiller\/\" data-type=\"project\" data-id=\"200\">Estaminet de l&rsquo;andouillet<\/a> dans une ambiance anim\u00e9e. Nous remercions vivement l&rsquo;ensemble du personnel du restaurant ainsi que l&rsquo;animateur Ren\u00e9.<\/p>\n\n\n\n<p>L&rsquo;enthousiasme et les ressentis exprim\u00e9s ont confort\u00e9 l&rsquo;\u00e9quipe municipale \u00e0 continuer dans cette voie de moments de convivialit\u00e9.<\/p>\n\n\n\n<p>Un merci particulier \u00e0 la doyenne et au doyen de la commune d&rsquo;avoir r\u00e9pondu pr\u00e9sents. Une petite pens\u00e9e pour <a><\/a>celles et ceux qui ont \u00e9t\u00e9 emp\u00each\u00e9s. Merci \u00e0 ces g\u00e9n\u00e9rations, de 65 \u00e0 96 ans, de s&rsquo;\u00eatre d\u00e9plac\u00e9es et d&rsquo;\u00eatre venues en nombre pour nous faire partager leur joie de vivre et leurs souvenirs si riches.<\/p>\n\n\n\n<p>A Douriez, nous sommes fiers de nos a\u00een\u00e9s, exemples de dynamisme et de respect pour les g\u00e9n\u00e9rations suivantes.<\/p>\n\n\n\n<iframe loading=\"lazy\" src=\"https:\/\/www.facebook.com\/plugins\/post.php?href=https%3A%2F%2Fwww.facebook.com%2Fpermalink.php%3Fstory_fbid%3Dpfbid02yh7Kmn1vF9SjWgVp6FMfnfRYHX2rMgw2w2dYFee5MJ2ndoCzCBa7v7quN17sLQt7l%26id%3D100064714597463&#038;show_text=true&#038;width=500\" width=\"500\" height=\"250\" style=\"border:none;overflow:hidden\" scrolling=\"no\" frameborder=\"0\" allowfullscreen=\"true\" allow=\"autoplay; clipboard-write; encrypted-media; picture-in-picture; web-share\"><\/iframe>\n","protected":false},"excerpt":{"rendered":"<p>Par un mercredi d&rsquo;octobre pluvieux, rien de tel que des retrouvailles pour nos a\u00een\u00e9s autour d&rsquo;un bon repas \u00e0 l&rsquo;Estaminet de l&rsquo;andouillet dans une ambiance anim\u00e9e. Nous remercions vivement l&rsquo;ensemble du personnel du restaurant ainsi que l&rsquo;animateur Ren\u00e9. L&rsquo;enthousiasme et les ressentis exprim\u00e9s ont confort\u00e9 l&rsquo;\u00e9quipe municipale \u00e0 continuer dans cette voie de moments de [&hellip;]<\/p>\n","protected":false},"author":1,"featured_media":1111,"comment_status":"closed","ping_status":"closed","sticky":false,"template":"","format":"standard","meta":{"_et_pb_use_builder":"off","_et_pb_old_content":"","_et_gb_content_width":"","footnotes":""},"categories":[25],"tags":[],"post_folder":[],"class_list":["post-1107","post","type-post","status-publish","format-standard","has-post-thumbnail","hentry","category-manifestations"],"_links":{"self":[{"href":"https:\/\/www.douriez.fr\/index.php\/wp-json\/wp\/v2\/posts\/1107","targetHints":{"allow":["GET"]}}],"collection":[{"href":"https:\/\/www.douriez.fr\/index.php\/wp-json\/wp\/v2\/posts"}],"about":[{"href":"https:\/\/www.douriez.fr\/index.php\/wp-json\/wp\/v2\/types\/post"}],"author":[{"embeddable":true,"href":"https:\/\/www.douriez.fr\/index.php\/wp-json\/wp\/v2\/users\/1"}],"replies":[{"embeddable":true,"href":"https:\/\/www.douriez.fr\/index.php\/wp-json\/wp\/v2\/comments?post=1107"}],"version-history":[{"count":1,"href":"https:\/\/www.douriez.fr\/index.php\/wp-json\/wp\/v2\/posts\/1107\/revisions"}],"predecessor-version":[{"id":1108,"href":"https:\/\/www.douriez.fr\/index.php\/wp-json\/wp\/v2\/posts\/1107\/revisions\/1108"}],"wp:featuredmedia":[{"embeddable":true,"href":"https:\/\/www.douriez.fr\/index.php\/wp-json\/wp\/v2\/media\/1111"}],"wp:attachment":[{"href":"https:\/\/www.douriez.fr\/index.php\/wp-json\/wp\/v2\/media?parent=1107"}],"wp:term":[{"taxonomy":"category","embeddable":true,"href":"https:\/\/www.douriez.fr\/index.php\/wp-json\/wp\/v2\/categories?post=1107"},{"taxonomy":"post_tag","embeddable":true,"href":"https:\/\/www.douriez.fr\/index.php\/wp-json\/wp\/v2\/tags?post=1107"},{"taxonomy":"post_folder","embeddable":true,"href":"https:\/\/www.douriez.fr\/index.php\/wp-json\/wp\/v2\/post_folder?post=1107"}],"curies":[{"name":"wp","href":"https:\/\/api.w.org\/{rel}","templated":true}]}}