{"id":1021,"date":"2024-08-08T13:29:12","date_gmt":"2024-08-08T11:29:12","guid":{"rendered":"https:\/\/www.douriez.fr\/?p=1021"},"modified":"2024-09-27T14:05:35","modified_gmt":"2024-09-27T12:05:35","slug":"exposition-de-peinture-a-la-collegiale","status":"publish","type":"post","link":"https:\/\/www.douriez.fr\/index.php\/2024\/08\/08\/exposition-de-peinture-a-la-collegiale\/","title":{"rendered":"Exposition de peinture \u00e0 la coll\u00e9giale"},"content":{"rendered":"\n<p>Les peintures de CHRIS de seront expos\u00e9es dans la Coll\u00e9giale de Douriez les apr\u00e8s-midis (sauf mardis) du 15 ao\u00fbt au 19 septembre de 14h \u00e0 18h.<br>Le vernissage aura lieu le samedi 17 ao\u00fbt \u00e0 12h00.<\/p>\n","protected":false},"excerpt":{"rendered":"<p>Les peintures de CHRIS de seront expos\u00e9es dans la Coll\u00e9giale de Douriez les apr\u00e8s-midis (sauf mardis) du 15 ao\u00fbt au 19 septembre de 14h \u00e0 18h.Le vernissage aura lieu le samedi 17 ao\u00fbt \u00e0 12h00.<\/p>\n","protected":false},"author":1,"featured_media":1022,"comment_status":"closed","ping_status":"closed","sticky":false,"template":"","format":"standard","meta":{"_et_pb_use_builder":"off","_et_pb_old_content":"","_et_gb_content_width":"","footnotes":""},"categories":[25,1],"tags":[],"post_folder":[],"class_list":["post-1021","post","type-post","status-publish","format-standard","has-post-thumbnail","hentry","category-manifestations","category-non-classe"],"_links":{"self":[{"href":"https:\/\/www.douriez.fr\/index.php\/wp-json\/wp\/v2\/posts\/1021","targetHints":{"allow":["GET"]}}],"collection":[{"href":"https:\/\/www.douriez.fr\/index.php\/wp-json\/wp\/v2\/posts"}],"about":[{"href":"https:\/\/www.douriez.fr\/index.php\/wp-json\/wp\/v2\/types\/post"}],"author":[{"embeddable":true,"href":"https:\/\/www.douriez.fr\/index.php\/wp-json\/wp\/v2\/users\/1"}],"replies":[{"embeddable":true,"href":"https:\/\/www.douriez.fr\/index.php\/wp-json\/wp\/v2\/comments?post=1021"}],"version-history":[{"count":1,"href":"https:\/\/www.douriez.fr\/index.php\/wp-json\/wp\/v2\/posts\/1021\/revisions"}],"predecessor-version":[{"id":1023,"href":"https:\/\/www.douriez.fr\/index.php\/wp-json\/wp\/v2\/posts\/1021\/revisions\/1023"}],"wp:featuredmedia":[{"embeddable":true,"href":"https:\/\/www.douriez.fr\/index.php\/wp-json\/wp\/v2\/media\/1022"}],"wp:attachment":[{"href":"https:\/\/www.douriez.fr\/index.php\/wp-json\/wp\/v2\/media?parent=1021"}],"wp:term":[{"taxonomy":"category","embeddable":true,"href":"https:\/\/www.douriez.fr\/index.php\/wp-json\/wp\/v2\/categories?post=1021"},{"taxonomy":"post_tag","embeddable":true,"href":"https:\/\/www.douriez.fr\/index.php\/wp-json\/wp\/v2\/tags?post=1021"},{"taxonomy":"post_folder","embeddable":true,"href":"https:\/\/www.douriez.fr\/index.php\/wp-json\/wp\/v2\/post_folder?post=1021"}],"curies":[{"name":"wp","href":"https:\/\/api.w.org\/{rel}","templated":true}]}}